{"id":12878,"date":"2018-03-17T09:10:41","date_gmt":"2018-03-17T08:10:41","guid":{"rendered":"https:\/\/mxfoto.hu\/?p=12878"},"modified":"2018-03-17T09:10:41","modified_gmt":"2018-03-17T08:10:41","slug":"mxgp-valkenswaard-nulladik-nap","status":"publish","type":"post","link":"https:\/\/mxfoto.hu\/?p=12878","title":{"rendered":"MXGP Valkenswaard &#8211; Nulladik nap"},"content":{"rendered":"<p>Igaz\u00e1n mostoha k\u00f6r\u00fclm\u00e9nyekre sz\u00e1m\u00edthatnak Valkenswaard-ban a versenyz\u0151k \u00e9s n\u00e9z\u0151k egyar\u00e1nt.<br \/>\n-3 fokot havat j\u00f3solnak a szombati napra, \u00e9s a vas\u00e1rnap se lehet sokkal jobbra sz\u00e1molni.<\/p>\n<p>Herlings hazai p\u00e1ly\u00e1n eg\u00e9szen biztos hogy mindent megtesz ism\u00e9t a gy\u0151zelem\u00e9rt. Neh\u00e9z dolga lesz Cairolinak \u00e9s a t\u00f6bbi c\u00edmre t\u00f6r\u0151 versenyz\u0151nek.<\/p>\n<p>MX2-ben Jonass folytatja a tavalyi form\u00e1j\u00e1ban, viszont itt a szerencse is k\u00f6zrej\u00e1tszik ki fog nyerni. Lesz izgalom ebben a kateg\u00f3ri\u00e1ban is.<\/p>\n<p><strong>Szombati id\u0151beoszt\u00e1s:<br \/>\n<\/strong>EMX300 Szabadedz\u00e9s 09:00;<br \/>\nEMX125 Group 1 Szabadedz\u00e9s 09:45;<br \/>\nEMX125 Group 2 Szabadedz\u00e9s 10:30;<br \/>\nMX2 Free Practice 11:30; MXGP Szabadedz\u00e9s 12:00;<br \/>\nEMX125 Utols\u00f3 es\u00e9ly kvalifik\u00e1ci\u00f3 LCQ 13:00;<br \/>\nMX2 Id\u0151m\u00e9r\u0151 edz\u00e9s 14:00;<br \/>\nMXGP Id\u0151m\u00e9r\u0151 edz\u00e9s 14:40;<br \/>\nEMX300 1. futam 15:25;<br \/>\nMX2 Kvalifik\u00e1ci\u00f3s verseny 16:25;<br \/>\nMXGP Kvalifik\u00e1ci\u00f3s verseny 17:10;<br \/>\nEMX125 1. futam 17:55.<\/p>\n<p><strong>Vas\u00e1rnapi id\u0151beoszt\u00e1s:<br \/>\n<\/strong>EMX300 2. futam 09:45;<br \/>\nMX2 Warm up 10:25;<br \/>\nMXGP Warm up 10:45;<br \/>\nEMX125 2. futam 11:30;<br \/>\nMX2 1. futam 13:15;<br \/>\nMXGP 1. futam 14:15;<br \/>\nMX2 2. futam 16:10;<br \/>\nMXGP 2. futam 17:10.<\/p>\n<p><img loading=\"lazy\" decoding=\"async\" class=\"alignnone size-large wp-image-12880\" src=\"https:\/\/mxfoto.hu\/wp-content\/uploads\/2018\/03\/MX28291-1024x683.jpg\" alt=\"\" width=\"665\" height=\"444\" srcset=\"https:\/\/mxfoto.hu\/wp-content\/uploads\/2018\/03\/MX28291-1024x683.jpg 1024w, https:\/\/mxfoto.hu\/wp-content\/uploads\/2018\/03\/MX28291-150x100.jpg 150w, https:\/\/mxfoto.hu\/wp-content\/uploads\/2018\/03\/MX28291-300x200.jpg 300w, https:\/\/mxfoto.hu\/wp-content\/uploads\/2018\/03\/MX28291-768x512.jpg 768w, https:\/\/mxfoto.hu\/wp-content\/uploads\/2018\/03\/MX28291-700x467.jpg 700w, https:\/\/mxfoto.hu\/wp-content\/uploads\/2018\/03\/MX28291.jpg 1600w\" sizes=\"auto, (max-width: 665px) 100vw, 665px\" \/><\/p>\n<p>&nbsp;<\/p>\n","protected":false},"excerpt":{"rendered":"<p>Igaz\u00e1n mostoha k\u00f6r\u00fclm\u00e9nyekre sz\u00e1m\u00edthatnak Valkenswaard-ban a versenyz\u0151k \u00e9s n\u00e9z\u0151k egyar\u00e1nt. -3 fokot havat j\u00f3solnak a szombati napra, \u00e9s a vas\u00e1rnap se lehet sokkal jobbra sz\u00e1molni. Herlings hazai p\u00e1ly\u00e1n eg\u00e9szen biztos hogy mindent megtesz ism\u00e9t a gy\u0151zelem\u00e9rt. Neh\u00e9z dolga lesz Cairolinak \u00e9s a t\u00f6bbi c\u00edmre t\u00f6r\u0151 versenyz\u0151nek. MX2-ben Jonass folytatja a tavalyi form\u00e1j\u00e1ban, viszont itt a [&hellip;]<\/p>\n","protected":false},"author":1,"featured_media":12880,"comment_status":"open","ping_status":"open","sticky":true,"template":"","format":"standard","meta":{"footnotes":""},"categories":[4],"tags":[52,53,7,15,58],"class_list":["post-12878","post","type-post","status-publish","format-standard","has-post-thumbnail","hentry","category-motorsport-motocross-moto-gp-superbike-supermoto-mxgp","tag-emx125","tag-emx300","tag-motocross","tag-mxgp","tag-valkenswaard"],"_links":{"self":[{"href":"https:\/\/mxfoto.hu\/index.php?rest_route=\/wp\/v2\/posts\/12878","targetHints":{"allow":["GET"]}}],"collection":[{"href":"https:\/\/mxfoto.hu\/index.php?rest_route=\/wp\/v2\/posts"}],"about":[{"href":"https:\/\/mxfoto.hu\/index.php?rest_route=\/wp\/v2\/types\/post"}],"author":[{"embeddable":true,"href":"https:\/\/mxfoto.hu\/index.php?rest_route=\/wp\/v2\/users\/1"}],"replies":[{"embeddable":true,"href":"https:\/\/mxfoto.hu\/index.php?rest_route=%2Fwp%2Fv2%2Fcomments&post=12878"}],"version-history":[{"count":2,"href":"https:\/\/mxfoto.hu\/index.php?rest_route=\/wp\/v2\/posts\/12878\/revisions"}],"predecessor-version":[{"id":12881,"href":"https:\/\/mxfoto.hu\/index.php?rest_route=\/wp\/v2\/posts\/12878\/revisions\/12881"}],"wp:featuredmedia":[{"embeddable":true,"href":"https:\/\/mxfoto.hu\/index.php?rest_route=\/wp\/v2\/media\/12880"}],"wp:attachment":[{"href":"https:\/\/mxfoto.hu\/index.php?rest_route=%2Fwp%2Fv2%2Fmedia&parent=12878"}],"wp:term":[{"taxonomy":"category","embeddable":true,"href":"https:\/\/mxfoto.hu\/index.php?rest_route=%2Fwp%2Fv2%2Fcategories&post=12878"},{"taxonomy":"post_tag","embeddable":true,"href":"https:\/\/mxfoto.hu\/index.php?rest_route=%2Fwp%2Fv2%2Ftags&post=12878"}],"curies":[{"name":"wp","href":"https:\/\/api.w.org\/{rel}","templated":true}]}}