{"id":13292,"date":"2018-07-13T00:07:42","date_gmt":"2018-07-12T22:07:42","guid":{"rendered":"https:\/\/mxfoto.hu\/?p=13292"},"modified":"2018-07-13T00:11:15","modified_gmt":"2018-07-12T22:11:15","slug":"sarkanyhajo-vilagbajnoksag-szegedi-sajtotajekoztato","status":"publish","type":"post","link":"https:\/\/mxfoto.hu\/?p=13292","title":{"rendered":"S\u00e1rk\u00e1nyhaj\u00f3 vil\u00e1gbajnoks\u00e1g &#8211; Szegedi sajt\u00f3t\u00e1j\u00e9koztat\u00f3"},"content":{"rendered":"<p><strong>\u00a0<\/strong><\/p>\n<p>A 2018-as \u00e9v sportt\u00f6rt\u00e9neti m\u00e9rf\u00f6ldk\u0151 a s\u00e1rk\u00e1nyhaj\u00f3z\u00e1s t\u00f6rt\u00e9net\u00e9ben. Az id\u00e9n <strong>20 \u00e9ves jubileum\u00e1t \u00fcnnepl\u0151 Magyar S\u00e1rk\u00e1nyhaj\u00f3 Sz\u00f6vets\u00e9g<\/strong> a s\u00e1rk\u00e1nyhaj\u00f3z\u00e1s valaha l\u00e1tott legnagyobb verseny\u00e9t rendezi meg a Szegedi Olimpiai K\u00f6zpontban \u00e9s Szeged belv\u00e1ros\u00e1ban, az \u00e9l\u0151 Tisza viz\u00e9n<br \/>\n<strong>j\u00falius 17-22 k\u00f6z\u00f6tt<\/strong>. Az esem\u00e9ny kiemelt jelent\u0151s\u00e9ggel b\u00edr nemcsak Magyarorsz\u00e1g, hanem Szeged v\u00e1ros\u00e1nak is. A s\u00e1rk\u00e1nyhaj\u00f3z\u00e1s t\u00f6rt\u00e9net\u00e9ben ez a harmadik s\u00e1rk\u00e1nyhaj\u00f3s vil\u00e1gverseny haz\u00e1nkban, melyek k\u00f6z\u00fcl 2009-ben Budapesten, 2013 pedig Szegeden rendeztek nemzetek k\u00f6z\u00f6tti s\u00e1rk\u00e1nyhaj\u00f3 vil\u00e1gbajnoks\u00e1got.<\/p>\n<p>A vil\u00e1gbajnoks\u00e1g keddi sajt\u00f3t\u00e1j\u00e9koztat\u00f3j\u00e1n <strong>Jo\u00f3b M\u00e1rton<\/strong> Szeged Megyei Jog\u00fa V\u00e1ros K\u00f6zgy\u0171l\u00e9s\u00e9nek Foglalkoztat\u00e1si, szoci\u00e1lis \u00e9s Sportbizotts\u00e1gi eln\u00f6ke arr\u00f3l besz\u00e9lt, hogy rendk\u00edv\u00fcli nagy \u00f6r\u00f6m a v\u00e1ros sz\u00e1m\u00e1ra, hogy ism\u00e9telten egy ekkora volumen\u0171 vil\u00e1gversenynek adhat otthon Szeged.<\/p>\n<p>J\u00e1rosi P\u00e9ter a Magyar S\u00e1rk\u00e1nyhaj\u00f3 Sz\u00f6vets\u00e9g eln\u00f6ke arr\u00f3l sz\u00e1molt be, hogy ez elm\u00falt 20 \u00e9v alatt \u00f3ri\u00e1si fejl\u0151d\u00e9sen ment kereszt\u00fcl a sport\u00e1g, melynek legnagyobb m\u00e9rf\u00f6ldk\u00f6ve a j\u00f6v\u0151h\u00e9ten kezd\u0151d\u0151 vil\u00e1gbajnoks\u00e1g. A 2013-as nemzetek k\u00f6z\u00f6tti vil\u00e1gbajnoks\u00e1g 3000 f\u0151s r\u00e9sztvev\u0151i l\u00e9tsz\u00e1m\u00e1nak megdupl\u00e1z\u00e1sa ez a 2018-as \u00e9v. A sz\u00e1mok is \u00f6nmag\u00e1ban besz\u00e9desek, hiszen vil\u00e1gszerte 90 milli\u00f3an \u0171zik a s\u00e1rk\u00e1nyhaj\u00f3z\u00e1st.<\/p>\n<p><img loading=\"lazy\" decoding=\"async\" class=\"alignnone size-large wp-image-13295\" src=\"https:\/\/mxfoto.hu\/wp-content\/uploads\/2018\/07\/I2A6554-1-1024x682.jpg\" alt=\"\" width=\"665\" height=\"443\" \/><img loading=\"lazy\" decoding=\"async\" class=\"alignnone size-large wp-image-13296\" style=\"font-size: 1rem;\" src=\"https:\/\/mxfoto.hu\/wp-content\/uploads\/2018\/07\/I2A6542-1-1024x682.jpg\" alt=\"\" width=\"665\" height=\"443\" srcset=\"https:\/\/mxfoto.hu\/wp-content\/uploads\/2018\/07\/I2A6542-1-1024x682.jpg 1024w, https:\/\/mxfoto.hu\/wp-content\/uploads\/2018\/07\/I2A6542-1-150x100.jpg 150w, https:\/\/mxfoto.hu\/wp-content\/uploads\/2018\/07\/I2A6542-1-300x200.jpg 300w, https:\/\/mxfoto.hu\/wp-content\/uploads\/2018\/07\/I2A6542-1-768x512.jpg 768w, https:\/\/mxfoto.hu\/wp-content\/uploads\/2018\/07\/I2A6542-1-700x467.jpg 700w, https:\/\/mxfoto.hu\/wp-content\/uploads\/2018\/07\/I2A6542-1.jpg 1400w\" sizes=\"auto, (max-width: 665px) 100vw, 665px\" \/><\/p>\n<p><strong>\u00c1cs Szilvia,<\/strong> a szegedi Tou<span style=\"font-size: 1rem;\">rinform iroda vezet\u0151je szint\u00e9n arr\u00f3l mes\u00e9lt, hogy a sportturizmus,<br \/>\n<\/span><span style=\"font-size: 1rem;\">mint a t<\/span><span style=\"font-size: 1rem;\">urizmus egyik<\/span><span style=\"font-size: 1rem;\">\u00a0felt\u00f6rekv\u0151 \u00e1ga Szegeden is egyre intenz\u00edvebben \u00e9rezteti hat\u00e1s\u00e1t.<br \/>\n<\/span><span style=\"font-size: 1rem;\">A sp<\/span><span style=\"font-size: 1rem;\">ort ir\u00e1nti \u00e9r<\/span><span style=\"font-size: 1rem;\">dekl\u0151d\u00e9t mutatja az is, hogy Csongr\u00e1d megy\u00e9ben m\u00e1r szabad sz\u00e1ll\u00e1shely kapacit\u00e1s nincs, hiszen mindezeket a h<\/span><span style=\"font-size: 1rem;\">elyeket a <strong>6200 f\u0151s versenyz\u0151i l\u00e9tsz\u00e1m<\/strong> t\u00f6lt\u00f6tte fel. <strong>T\u00f6r\u00f6k R\u00e9ka<\/strong>, a szervez\u0151bizotts\u00e1g tagjak\u00e9nt pedig arr\u00f3l besz\u00e9lt, hogy milyen sz\u0171r\u0151n kereszt\u00fcl siker\u00fclt kiv\u00e1lasztani azt a t\u00f6bb mint hatvan \u00f6nk\u00e9ntest, akik a verseny kezdet\u00e9t\u0151l kezdve seg\u00edtik, \u00e9s inform\u00e1lj\u00e1k a versenyz\u0151ket.<\/span><span style=\"font-size: 1rem;\"><br \/>\n<\/span><\/p>\n<p>Az<strong> ingyenesen l\u00e1togathat\u00f3<\/strong> sportesem\u00e9ny 200 \u00e9s 500 m\u00e9teres versenyei j\u00falius 17-20 k\u00f6z\u00f6tt<br \/>\na Maty-\u00e9ren, m\u00edg a 2000 m\u00e9teres Benhuri futamok Szeged belv\u00e1ros\u00e1ban ker\u00fclnek megrendez\u00e9sre j\u00falius 21-22 k\u00f6z\u00f6tt.<\/p>\n<p>Tov\u00e1bbi inform\u00e1ci\u00f3k az esem\u00e9ny weboldal\u00e1n<\/p>\n<p><a href=\"http:\/\/www.szeged2018.dragonboat.hu\">www.szeged2018.dragonboat.hu<\/a><\/p>\n<p><a href=\"http:\/\/www.sarkanyhajozas.hu\" target=\"_blank\" rel=\"noopener\">www.sarkanyhajozas.hu<\/a><\/p>\n<p>Csatlakozz hozz\u00e1nk a facebookon is: <a href=\"https:\/\/www.facebook.com\/magyarsarkanyhajoszovetseg\/\">https:\/\/www.facebook.com\/magyarsarkanyhajoszovetseg\/<\/a><\/p>\n<p>Fot\u00f3:\u00a0Talpai Zolt\u00e1n<br \/>\nForr\u00e1s:\u00a0<a href=\"http:\/\/www.sarkanyhajozas.hu\" target=\"_blank\" rel=\"noopener\">www.sarkanyhajozas.hu<\/a><\/p>\n","protected":false},"excerpt":{"rendered":"<p>\u00a0 A 2018-as \u00e9v sportt\u00f6rt\u00e9neti m\u00e9rf\u00f6ldk\u0151 a s\u00e1rk\u00e1nyhaj\u00f3z\u00e1s t\u00f6rt\u00e9net\u00e9ben. Az id\u00e9n 20 \u00e9ves jubileum\u00e1t \u00fcnnepl\u0151 Magyar S\u00e1rk\u00e1nyhaj\u00f3 Sz\u00f6vets\u00e9g a s\u00e1rk\u00e1nyhaj\u00f3z\u00e1s valaha l\u00e1tott legnagyobb verseny\u00e9t rendezi meg a Szegedi Olimpiai K\u00f6zpontban \u00e9s Szeged belv\u00e1ros\u00e1ban, az \u00e9l\u0151 Tisza viz\u00e9n j\u00falius 17-22 k\u00f6z\u00f6tt. Az esem\u00e9ny kiemelt jelent\u0151s\u00e9ggel b\u00edr nemcsak Magyarorsz\u00e1g, hanem Szeged v\u00e1ros\u00e1nak is. A s\u00e1rk\u00e1nyhaj\u00f3z\u00e1s t\u00f6rt\u00e9net\u00e9ben ez [&hellip;]<\/p>\n","protected":false},"author":1,"featured_media":13294,"comment_status":"open","ping_status":"open","sticky":true,"template":"","format":"standard","meta":{"footnotes":""},"categories":[1,3],"tags":[23,289,63,287,282,74,64,62,24,288,283,87],"class_list":["post-13292","post","type-post","status-publish","format-standard","has-post-thumbnail","hentry","category-egyeb","category-egyeb-sport-rendezvenyek-csajok-hirek-ujdonsagok","tag-dragonboat","tag-dragonboat2018","tag-hirek","tag-hungary","tag-idbf","tag-kepek","tag-news","tag-pictures","tag-sarkanyhajo","tag-sarkanyhajo2018","tag-sarkanyhajofesztival","tag-szeged"],"_links":{"self":[{"href":"https:\/\/mxfoto.hu\/index.php?rest_route=\/wp\/v2\/posts\/13292","targetHints":{"allow":["GET"]}}],"collection":[{"href":"https:\/\/mxfoto.hu\/index.php?rest_route=\/wp\/v2\/posts"}],"about":[{"href":"https:\/\/mxfoto.hu\/index.php?rest_route=\/wp\/v2\/types\/post"}],"author":[{"embeddable":true,"href":"https:\/\/mxfoto.hu\/index.php?rest_route=\/wp\/v2\/users\/1"}],"replies":[{"embeddable":true,"href":"https:\/\/mxfoto.hu\/index.php?rest_route=%2Fwp%2Fv2%2Fcomments&post=13292"}],"version-history":[{"count":3,"href":"https:\/\/mxfoto.hu\/index.php?rest_route=\/wp\/v2\/posts\/13292\/revisions"}],"predecessor-version":[{"id":13299,"href":"https:\/\/mxfoto.hu\/index.php?rest_route=\/wp\/v2\/posts\/13292\/revisions\/13299"}],"wp:featuredmedia":[{"embeddable":true,"href":"https:\/\/mxfoto.hu\/index.php?rest_route=\/wp\/v2\/media\/13294"}],"wp:attachment":[{"href":"https:\/\/mxfoto.hu\/index.php?rest_route=%2Fwp%2Fv2%2Fmedia&parent=13292"}],"wp:term":[{"taxonomy":"category","embeddable":true,"href":"https:\/\/mxfoto.hu\/index.php?rest_route=%2Fwp%2Fv2%2Fcategories&post=13292"},{"taxonomy":"post_tag","embeddable":true,"href":"https:\/\/mxfoto.hu\/index.php?rest_route=%2Fwp%2Fv2%2Ftags&post=13292"}],"curies":[{"name":"wp","href":"https:\/\/api.w.org\/{rel}","templated":true}]}}