{"id":13831,"date":"2018-07-21T22:18:08","date_gmt":"2018-07-21T20:18:08","guid":{"rendered":"https:\/\/mxfoto.hu\/?p=13831"},"modified":"2018-07-21T23:22:12","modified_gmt":"2018-07-21T21:22:12","slug":"13831","status":"publish","type":"post","link":"https:\/\/mxfoto.hu\/?p=13831","title":{"rendered":"MXGP Loket kvalifik\u00e1ci\u00f3"},"content":{"rendered":"<p>Lement a Cseh MXGP kvbalifik\u00e1ci\u00f3ja.<br \/>\n\u00cdme Youthstream video\u00f6sszefoglal\u00f3ja:<\/p>\n<p><iframe loading=\"lazy\" title=\"Qualifying Highlights - MXGP of Czech Republic 2018\" width=\"500\" height=\"281\" src=\"https:\/\/www.youtube.com\/embed\/Esmd2_MqHlg?feature=oembed\" frameborder=\"0\" allow=\"accelerometer; autoplay; clipboard-write; encrypted-media; gyroscope; picture-in-picture; web-share\" referrerpolicy=\"strict-origin-when-cross-origin\" allowfullscreen><\/iframe><\/p>\n<p><strong>MXGP Kvalifik\u00e1ci\u00f3 (els\u0151 t\u00edz):\u00a0<\/strong>1. Antonio Cairoli (ITA, KTM), 25:21.539; 2. Jeffrey Herlings (NED, KTM), +0:03.910; 3. Tim Gajser (SLO, Honda), +0:06.971; 4. Max Anstie (GBR, Husqvarna), +0:12.011; 5. Clement Desalle (BEL, Kawasaki), +0:15.511; 6. Jeremy Van Horebeek (BEL, Yamaha), +0:21.477; 7. Tommy Searle (GBR, Kawasaki), +0:28.697; 8. Alessandro Lupino (ITA, Kawasaki), +0:29.596; 9. Romain Febvre (FRA, Yamaha), +0:48.369; 10. Kevin Strijbos (BEL, KTM), +0:49.642<\/p>\n<p><strong>MX2 Kvalifik\u00e1ci\u00f3 (els\u0151 t\u00edz):\u00a0<\/strong>1. Thomas Covington (USA, Husqvarna), 24:27.968; 2. Jago Geerts (BEL, Yamaha), +0:11.714; 3. Thomas Kjer Olsen (DEN, Husqvarna), +0:15.934; 4. Ben Watson (GBR, Yamaha), +0:16.865; 5. Adam Sterry (GBR, Kawasaki), +0:23.106; 6. Stephen Rubini (FRA, KTM), +0:25.817; 7. Henry Jacobi (GER, Husqvarna), +0:29.317; 8. Marshal Weltin (USA, Honda), +0:42.379; 9. Hunter Lawrence (AUS, Honda), +0:45.901; 10. Jorge Prado (ESP, KTM), +0:49.602.<\/p>\n<p>forr\u00e1s: mxgp.com<\/p>\n","protected":false},"excerpt":{"rendered":"<p>Lement a Cseh MXGP kvbalifik\u00e1ci\u00f3ja. \u00cdme Youthstream video\u00f6sszefoglal\u00f3ja: MXGP Kvalifik\u00e1ci\u00f3 (els\u0151 t\u00edz):\u00a01. Antonio Cairoli (ITA, KTM), 25:21.539; 2. Jeffrey Herlings (NED, KTM), +0:03.910; 3. Tim Gajser (SLO, Honda), +0:06.971; 4. Max Anstie (GBR, Husqvarna), +0:12.011; 5. Clement Desalle (BEL, Kawasaki), +0:15.511; 6. Jeremy Van Horebeek (BEL, Yamaha), +0:21.477; 7. Tommy Searle (GBR, Kawasaki), +0:28.697; 8. [&hellip;]<\/p>\n","protected":false},"author":1,"featured_media":13832,"comment_status":"open","ping_status":"open","sticky":true,"template":"","format":"standard","meta":{"footnotes":""},"categories":[4],"tags":[63,80,7,15,64,66],"class_list":["post-13831","post","type-post","status-publish","format-standard","has-post-thumbnail","hentry","category-motorsport-motocross-moto-gp-superbike-supermoto-mxgp","tag-hirek","tag-loket","tag-motocross","tag-mxgp","tag-news","tag-video"],"_links":{"self":[{"href":"https:\/\/mxfoto.hu\/index.php?rest_route=\/wp\/v2\/posts\/13831","targetHints":{"allow":["GET"]}}],"collection":[{"href":"https:\/\/mxfoto.hu\/index.php?rest_route=\/wp\/v2\/posts"}],"about":[{"href":"https:\/\/mxfoto.hu\/index.php?rest_route=\/wp\/v2\/types\/post"}],"author":[{"embeddable":true,"href":"https:\/\/mxfoto.hu\/index.php?rest_route=\/wp\/v2\/users\/1"}],"replies":[{"embeddable":true,"href":"https:\/\/mxfoto.hu\/index.php?rest_route=%2Fwp%2Fv2%2Fcomments&post=13831"}],"version-history":[{"count":2,"href":"https:\/\/mxfoto.hu\/index.php?rest_route=\/wp\/v2\/posts\/13831\/revisions"}],"predecessor-version":[{"id":13835,"href":"https:\/\/mxfoto.hu\/index.php?rest_route=\/wp\/v2\/posts\/13831\/revisions\/13835"}],"wp:featuredmedia":[{"embeddable":true,"href":"https:\/\/mxfoto.hu\/index.php?rest_route=\/wp\/v2\/media\/13832"}],"wp:attachment":[{"href":"https:\/\/mxfoto.hu\/index.php?rest_route=%2Fwp%2Fv2%2Fmedia&parent=13831"}],"wp:term":[{"taxonomy":"category","embeddable":true,"href":"https:\/\/mxfoto.hu\/index.php?rest_route=%2Fwp%2Fv2%2Fcategories&post=13831"},{"taxonomy":"post_tag","embeddable":true,"href":"https:\/\/mxfoto.hu\/index.php?rest_route=%2Fwp%2Fv2%2Ftags&post=13831"}],"curies":[{"name":"wp","href":"https:\/\/api.w.org\/{rel}","templated":true}]}}