{"id":14199,"date":"2019-02-05T20:25:06","date_gmt":"2019-02-05T19:25:06","guid":{"rendered":"https:\/\/mxfoto.hu\/?p=14199"},"modified":"2019-02-05T20:27:34","modified_gmt":"2019-02-05T19:27:34","slug":"amts-ford-mustang-lesz-a-fodij","status":"publish","type":"post","link":"https:\/\/mxfoto.hu\/?p=14199","title":{"rendered":"AMTS &#8211; Ford Mustang lesz a f\u0151d\u00edj"},"content":{"rendered":"\n<p><strong>Tuning \u00e9l\u0151ben: Ford Mustang lesz a f\u0151d\u00edj a nagyszab\u00e1s\u00fa m\u00e1rciusi aut\u00f3 show-n!\n<br \/>\n<\/strong><strong><em>A WestEndben \u00e9p\u00fcl \u00e1t az Automobil \u00e9s\nTuning Show nyerem\u00e9nyaut\u00f3ja<\/em><\/strong><\/p>\n\n\n\n<p><em>Id\u00e9n is egy szakavatott csapat \u00e1ltal egyediv\u00e9 var\u00e1zsolt tuningverd\u00e1t sorsolnak ki a bel\u00e9p\u0151jeggyel regisztr\u00e1lt, nyerem\u00e9nyj\u00e1t\u00e9kban r\u00e9sztvev\u0151 l\u00e1togat\u00f3k k\u00f6z\u00f6tt az AMTS z\u00e1r\u00f3napj\u00e1n, m\u00e1rcius 24-\u00e9n. A hagyom\u00e1ny \u00e9s a felt\u00e9telek v\u00e1ltozatlanok, az eddigi n\u00e9met aut\u00f3s sormint\u00e1t azonban most egy v\u00e9rbeli amerikai sportkocsi t\u00f6ri meg.<\/em>A nemzetk\u00f6zi Automobil \u00e9s Tuning Show (AMTS) szervez\u0151i ism\u00e9t a bev\u00e1lt recept szerint f\u0151znek. Reperto\u00e1rjukban \u00e9vek \u00f3ta \u00e1lland\u00f3 program m\u00e1r a nyilv\u00e1nos aut\u00f3\u00e9p\u00edt\u00e9s, melynek ez\u00fattal is a WestEnd City Center adott otthont. Az sem \u00fajdons\u00e1g, hogy a <strong>m\u00e1rcius 22-24. k\u00f6z\u00f6tt zajl\u00f3 show<\/strong> bel\u00e9p\u0151jegye \u00f6sszesen t\u00edz egyidej\u0171 rendezv\u00e9nyre \u00e9rv\u00e9nyes, tov\u00e1bb\u00e1 <strong>es\u00e9lyt jelent egy v\u00e9rbeli amerikai sportkocsi megnyer\u00e9s\u00e9re!<\/strong><\/p>\n\n\n\n<figure class=\"wp-block-image\"><img loading=\"lazy\" decoding=\"async\" width=\"1024\" height=\"683\" src=\"https:\/\/mxfoto.hu\/wp-content\/uploads\/2019\/02\/OQTkfm-I-1-1024x683.jpg\" alt=\"\" class=\"wp-image-14211\" srcset=\"https:\/\/mxfoto.hu\/wp-content\/uploads\/2019\/02\/OQTkfm-I-1-1024x683.jpg 1024w, https:\/\/mxfoto.hu\/wp-content\/uploads\/2019\/02\/OQTkfm-I-1-150x100.jpg 150w, https:\/\/mxfoto.hu\/wp-content\/uploads\/2019\/02\/OQTkfm-I-1-300x200.jpg 300w, https:\/\/mxfoto.hu\/wp-content\/uploads\/2019\/02\/OQTkfm-I-1-768x512.jpg 768w, https:\/\/mxfoto.hu\/wp-content\/uploads\/2019\/02\/OQTkfm-I-1-700x467.jpg 700w, https:\/\/mxfoto.hu\/wp-content\/uploads\/2019\/02\/OQTkfm-I-1.jpg 1200w\" sizes=\"auto, (max-width: 1024px) 100vw, 1024px\" \/><\/figure>\n\n\n\n<p>Az AMTS Aut\u00f3 Show szakemberei\nsz\u00e1mos exkluz\u00edv j\u00e1rm\u0171vel birk\u00f3ztak m\u00e1r meg p\u00e1lyafut\u00e1suk sor\u00e1n. Az elm\u00falt k\u00e9t\n\u00e9vben Audi TT, el\u0151tte BMW Z4 Roadster, kor\u00e1bban pedig t\u00f6bbek k\u00f6z\u00f6tt egy Volkswagen Scirocco \u00e9s a\nVolkswagen EOS ker\u00fclt \u00e1talak\u00edt\u00e1sra, majd kisorsol\u00e1sra. Az idei alany pedig egy\n\u00f6t\u00f6dik gener\u00e1ci\u00f3s, 4000 k\u00f6bcentis V6-os motorral ell\u00e1tott Ford Mustang Coup\u00e9\nvolt, melyet hatalmas \u00e9rdekl\u0151d\u00e9s mellett, <strong>mind\u00f6ssze n\u00e9gy nap leforg\u00e1sa alatt var\u00e1zsoltak\nteljesen \u00fajj\u00e1 \u2013 mindenki szeme l\u00e1tt\u00e1ra, \u00e9l\u0151ben!<\/strong><\/p>\n\n\n\n<p>Az aut\u00f3 sz\u00e1mos\nt\u00edpusazonos alkatr\u00e9sszel, sportosabb kasztni-elemekkel, \u00fcltetett fut\u00f3m\u0171vel \u00e9s\nnagyobb felnikkel, valamint design \u00e9s multim\u00e9dia ter\u00e9n is teljesen meg\u00fajult\nutast\u00e9rrel lett gazdagabb. A pontot az i-re az egyedi, k\u00e9t\u00e1rnyalat\u00fa f\u00f3li\u00e1z\u00e1s\nteszi fel, de szerencs\u00e9s \u00faj tulajdonosa ak\u00e1r a k\u00f6rnyezettudatos k\u00f6zleked\u00e9s\nolt\u00e1r\u00e1n is \u00e1ldozhat majd, hiszen a csomagt\u00e9ri install\u00e1ci\u00f3ban egy, az aut\u00f3\nakkumul\u00e1tor\u00e1r\u00f3l t\u00f6lthet\u0151 elektromos roller is helyet kapott.<\/p>\n\n\n\n<figure class=\"wp-block-image\"><img loading=\"lazy\" decoding=\"async\" width=\"1024\" height=\"683\" src=\"https:\/\/mxfoto.hu\/wp-content\/uploads\/2019\/02\/xfC8p7Yc-1-1024x683.jpg\" alt=\"\" class=\"wp-image-14212\" srcset=\"https:\/\/mxfoto.hu\/wp-content\/uploads\/2019\/02\/xfC8p7Yc-1-1024x683.jpg 1024w, https:\/\/mxfoto.hu\/wp-content\/uploads\/2019\/02\/xfC8p7Yc-1-150x100.jpg 150w, https:\/\/mxfoto.hu\/wp-content\/uploads\/2019\/02\/xfC8p7Yc-1-300x200.jpg 300w, https:\/\/mxfoto.hu\/wp-content\/uploads\/2019\/02\/xfC8p7Yc-1-768x512.jpg 768w, https:\/\/mxfoto.hu\/wp-content\/uploads\/2019\/02\/xfC8p7Yc-1-700x467.jpg 700w, https:\/\/mxfoto.hu\/wp-content\/uploads\/2019\/02\/xfC8p7Yc-1.jpg 1200w\" sizes=\"auto, (max-width: 1024px) 100vw, 1024px\" \/><\/figure>\n\n\n\n<p>Az egyedi Ford\nMustang Coup\u00e9 kisorsol\u00e1s\u00e1ra a nagyszab\u00e1s\u00fa show harmadik napj\u00e1n (m\u00e1rcius 24-\u00e9n),\nk\u00f6zjegyz\u0151 jelenl\u00e9t\u00e9ben ker\u00fcl majd sor. Maga a rendezv\u00e9ny is rengeteg \u00fajdons\u00e1got\ntartogat a l\u00e1togat\u00f3k sz\u00e1m\u00e1ra: a 2006-os start \u00f3ta ez m\u00e1r nemcsak Magyarorsz\u00e1g,\nde a kelet-k\u00f6z\u00e9p eur\u00f3pai r\u00e9gi\u00f3 legjelent\u0151sebb szezonnyit\u00f3 aut\u00f3ki\u00e1ll\u00edt\u00e1sa \u00e9s\nv\u00e1s\u00e1ra is a Hungexp\u00f3n. <\/p>\n\n\n\n<p>Az id\u00e9n 14.\nalkalommal megrendez\u00e9sre ker\u00fcl\u0151 nemzetk\u00f6zi Automobil \u00e9s Tuning Show <strong>\u00f6t pavilont \u00e9s hatalmas k\u00fcls\u0151 ter\u00fcletet<\/strong>\nt\u00f6lt meg \u00e9lm\u00e9nnyel, <strong>m\u00falt, jelen \u00e9s j\u00f6v\u0151\naut\u00f3csod\u00e1i<\/strong> k\u00eds\u00e9ret\u00e9ben. A rengeteg, l\u00e1tnival\u00f3kban gazdag kieg\u00e9sz\u00edt\u0151\nprogram, verseny \u00e9s bemutat\u00f3 garant\u00e1ltan kiv\u00e9teles sz\u00f3rakoz\u00e1st k\u00edn\u00e1l valamennyi\nkoroszt\u00e1lynak, a csal\u00e1d minden tagj\u00e1nak!<\/p>\n\n\n\n<figure class=\"wp-block-image\"><img loading=\"lazy\" decoding=\"async\" width=\"1024\" height=\"683\" src=\"https:\/\/mxfoto.hu\/wp-content\/uploads\/2019\/02\/n1G3BP1Q-1-1024x683.jpg\" alt=\"\" class=\"wp-image-14215\" srcset=\"https:\/\/mxfoto.hu\/wp-content\/uploads\/2019\/02\/n1G3BP1Q-1-1024x683.jpg 1024w, https:\/\/mxfoto.hu\/wp-content\/uploads\/2019\/02\/n1G3BP1Q-1-150x100.jpg 150w, https:\/\/mxfoto.hu\/wp-content\/uploads\/2019\/02\/n1G3BP1Q-1-300x200.jpg 300w, https:\/\/mxfoto.hu\/wp-content\/uploads\/2019\/02\/n1G3BP1Q-1-768x512.jpg 768w, https:\/\/mxfoto.hu\/wp-content\/uploads\/2019\/02\/n1G3BP1Q-1-700x467.jpg 700w, https:\/\/mxfoto.hu\/wp-content\/uploads\/2019\/02\/n1G3BP1Q-1.jpg 1200w\" sizes=\"auto, (max-width: 1024px) 100vw, 1024px\" \/><\/figure>\n\n\n\n<p><strong>Az Automobil \u00e9s Tuning Show ideje alatt egyetlen\nbel\u00e9p\u0151vel megtekinthet\u0151:<\/strong><\/p>\n\n\n\n<ul class=\"wp-block-list\"><li><strong>Carstyling.hu Tuning Show<\/strong> \u2013 haz\u00e1nk legnagyobb aut\u00f3tuning showja<\/li><li><strong>\u00daj aut\u00f3k ki\u00e1ll\u00edt\u00e1sa<\/strong> \u2013 szalonaut\u00f3k, m\u00e1rkaimport\u0151r\u00f6k \u00e9s koncepci\u00f3k bemutatkoz\u00e1sa<\/li><li><strong>EV-GreenTech<\/strong> \u2013 elektromos aut\u00f3 ki\u00e1ll\u00edt\u00e1s \u00e9s az el\u00e9rhet\u0151 k\u00edn\u00e1lat bemutatkoz\u00e1sa<\/li><li><strong>Classic Automobil Show<\/strong> &#8211; restaur\u00e1lt klasszikus aut\u00f3k, veter\u00e1nok, oldtimerek<\/li><li><strong>Magyarok a vil\u00e1g j\u00e1rm\u0171gy\u00e1rt\u00e1s\u00e1ban<\/strong> &#8211; haz\u00e1nk nagyjai az aut\u00f3- \u00e9s motoriparban<\/li><li><strong>DRIFT \u00e9s GYMKHANA Bajnoks\u00e1g<\/strong> \u2013 A l\u00e1tv\u00e1nyos aut\u00f3sportok exkluz\u00edv versenye<\/li><li><strong>OFF-ROAD Show<\/strong> \u2013 Minden, ami terep, \u00e9p\u00edtett, l\u00e1tv\u00e1nyos p\u00e1ly\u00e1n<\/li><li><strong>Hot Rod Show<\/strong> \u2013 d\u00f6bbenetesen \u00e1t\u00e9p\u00edtett veter\u00e1n j\u00e1rm\u0171vek ki\u00e1ll\u00edt\u00e1sa<\/li><li><strong>Tuning tal\u00e1lkoz\u00f3 \u00e9s ki\u00e1ll\u00edt\u00e1s<\/strong> &#8211; t\u00f6bb sz\u00e1z mag\u00e1n\u00e9p\u00edt\u0151 \u00e9s klub bemutatkoz\u00e1sa<\/li><li><strong>Gy\u00e1ri Cs\u00facsmodellek <\/strong>\u2013 exkluz\u00edv t\u00e1rlat a m\u00e1rk\u00e1k sportmodelljeib\u0151l<\/li><li><strong>SUV Z\u00f3na <\/strong>\u2013 szabadid\u0151aut\u00f3 ki\u00e1ll\u00edt\u00e1s \u00e9s az el\u00e9rhet\u0151 k\u00edn\u00e1lat bemutatkoz\u00e1sa<\/li><li><strong>Eg\u00e9sz napos programok<\/strong> <strong>\u2013 <\/strong>k\u00fclt\u00e9ren \u00e9s belt\u00e9ren egyar\u00e1nt, az eg\u00e9sz csal\u00e1dnak<br \/>\n<br \/>\n<\/li><\/ul>\n\n\n\n<p><em>Az Automobil \u00e9s Tuning Show nyitva tart\u00e1sa:<\/em><br \/>\nm\u00e1rcius 22-23: 9:00-19:00 \u00f3r\u00e1ig m\u00e1rcius 24: 9:00-18:00 \u00f3r\u00e1ig. <\/p>\n\n\n\n<p><em>AMTS hivatalos sajt\u00f3t\u00e1j\u00e9koztat\u00f3 \u00e9s \u00e9l\u0151 show (Hungexpo\n\u201eG\u201d pavilon):<\/em> <br \/>\nm\u00e1rcius 22. 13:00-t\u00f3l<\/p>\n\n\n\n<p><strong>Forr\u00e1s \u00e9s tov\u00e1bbi inform\u00e1ci\u00f3k:<\/strong> <br \/> <a href=\"http:\/\/www.amts.hu\">www.amts.hu<\/a> \/ <a href=\"http:\/\/www.facebook.com\/amtsofficial\">www.facebook.com\/amtsofficial<\/a><\/p>\n\n\n\n<p><strong>Vide\u00f3anyag:<br \/> <\/strong><a href=\"https:\/\/www.youtube.com\/channel\/UCD37vqm6Gw5_2cDqPiMFCRg\">https:\/\/www.youtube.com\/channel\/UCD37vqm6Gw5_2cDqPiMFCRg<\/a><\/p>\n","protected":false},"excerpt":{"rendered":"<p>Tuning \u00e9l\u0151ben: Ford Mustang lesz a f\u0151d\u00edj a nagyszab\u00e1s\u00fa m\u00e1rciusi aut\u00f3 show-n! A WestEndben \u00e9p\u00fcl \u00e1t az Automobil \u00e9s Tuning Show nyerem\u00e9nyaut\u00f3ja Id\u00e9n is egy szakavatott csapat \u00e1ltal egyediv\u00e9 var\u00e1zsolt tuningverd\u00e1t sorsolnak ki a bel\u00e9p\u0151jeggyel regisztr\u00e1lt, nyerem\u00e9nyj\u00e1t\u00e9kban r\u00e9sztvev\u0151 l\u00e1togat\u00f3k k\u00f6z\u00f6tt az AMTS z\u00e1r\u00f3napj\u00e1n, m\u00e1rcius 24-\u00e9n. A hagyom\u00e1ny \u00e9s a felt\u00e9telek v\u00e1ltozatlanok, az eddigi n\u00e9met aut\u00f3s [&hellip;]<\/p>\n","protected":false},"author":1,"featured_media":14200,"comment_status":"open","ping_status":"open","sticky":true,"template":"","format":"standard","meta":{"footnotes":""},"categories":[2,1,3],"tags":[49,319,26,25,258,257,253,231,151,78,50,202],"class_list":["post-14199","post","type-post","status-publish","format-standard","has-post-thumbnail","hentry","category-autosport-drift-rally-f1-wtcc-gyursulas","category-egyeb","category-egyeb-sport-rendezvenyek-csajok-hirek-ujdonsagok","tag-amts","tag-amts2019","tag-auto-hifi","tag-auto-tuning","tag-autoepites","tag-carstyling","tag-elektromos-auto","tag-fotok","tag-mxfoto","tag-photo","tag-tuning-show","tag-tuningcar"],"_links":{"self":[{"href":"https:\/\/mxfoto.hu\/index.php?rest_route=\/wp\/v2\/posts\/14199","targetHints":{"allow":["GET"]}}],"collection":[{"href":"https:\/\/mxfoto.hu\/index.php?rest_route=\/wp\/v2\/posts"}],"about":[{"href":"https:\/\/mxfoto.hu\/index.php?rest_route=\/wp\/v2\/types\/post"}],"author":[{"embeddable":true,"href":"https:\/\/mxfoto.hu\/index.php?rest_route=\/wp\/v2\/users\/1"}],"replies":[{"embeddable":true,"href":"https:\/\/mxfoto.hu\/index.php?rest_route=%2Fwp%2Fv2%2Fcomments&post=14199"}],"version-history":[{"count":3,"href":"https:\/\/mxfoto.hu\/index.php?rest_route=\/wp\/v2\/posts\/14199\/revisions"}],"predecessor-version":[{"id":14217,"href":"https:\/\/mxfoto.hu\/index.php?rest_route=\/wp\/v2\/posts\/14199\/revisions\/14217"}],"wp:featuredmedia":[{"embeddable":true,"href":"https:\/\/mxfoto.hu\/index.php?rest_route=\/wp\/v2\/media\/14200"}],"wp:attachment":[{"href":"https:\/\/mxfoto.hu\/index.php?rest_route=%2Fwp%2Fv2%2Fmedia&parent=14199"}],"wp:term":[{"taxonomy":"category","embeddable":true,"href":"https:\/\/mxfoto.hu\/index.php?rest_route=%2Fwp%2Fv2%2Fcategories&post=14199"},{"taxonomy":"post_tag","embeddable":true,"href":"https:\/\/mxfoto.hu\/index.php?rest_route=%2Fwp%2Fv2%2Ftags&post=14199"}],"curies":[{"name":"wp","href":"https:\/\/api.w.org\/{rel}","templated":true}]}}