{"id":14293,"date":"2019-03-12T22:33:56","date_gmt":"2019-03-12T21:33:56","guid":{"rendered":"https:\/\/mxfoto.hu\/?p=14293"},"modified":"2019-03-16T13:39:36","modified_gmt":"2019-03-16T12:39:36","slug":"oldtimer-show-a-vasuttorteneti-parkban","status":"publish","type":"post","link":"https:\/\/mxfoto.hu\/?p=14293","title":{"rendered":"Oldtimer Show a Vas\u00fatt\u00f6rt\u00e9neti Parkban"},"content":{"rendered":"\n<p><br \/><strong>2019. \u00e1prilis 5-7<\/strong>-ig ism\u00e9t a <strong>Magyar Vas\u00fatt\u00f6rt\u00e9neti Park-<\/strong>ban ker\u00fcl\nmegrendez\u00e9sre K\u00f6z\u00e9p- \u00e9s Kelet-Eur\u00f3pa legnagyobb veter\u00e1nj\u00e1rm\u0171 ki\u00e1ll\u00edt\u00e1sa a\nbudapesti Oldtimer Show.<\/p>\n\n\n\n<p>100\n\u00e9vn\u00e9l is id\u0151sebb motorok, fakerek\u0171 aut\u00f3k, traktorok, buszok \u00e9s teheraut\u00f3k. 500\ndb veter\u00e1n j\u00e1rm\u0171 ker\u00fcl bemutat\u00e1sra! Minden t\u00edpusb\u00f3l csak 1-1db, a\nfellelhet\u0151 legszebb p\u00e9ld\u00e1ny. <\/p>\n\n\n\n<figure class=\"wp-block-image\"><img loading=\"lazy\" decoding=\"async\" width=\"640\" height=\"480\" src=\"https:\/\/mxfoto.hu\/wp-content\/uploads\/2019\/03\/Oldtimer.jpg\" alt=\"\" class=\"wp-image-14295\" srcset=\"https:\/\/mxfoto.hu\/wp-content\/uploads\/2019\/03\/Oldtimer.jpg 640w, https:\/\/mxfoto.hu\/wp-content\/uploads\/2019\/03\/Oldtimer-150x113.jpg 150w, https:\/\/mxfoto.hu\/wp-content\/uploads\/2019\/03\/Oldtimer-300x225.jpg 300w\" sizes=\"auto, (max-width: 640px) 100vw, 640px\" \/><\/figure>\n\n\n\n<p>Az\nOldtimer Show nem csup\u00e1n ki\u00e1ll\u00edt\u00e1s, hanem olyan nagyszab\u00e1s\u00fa nosztalgia-j\u00e1rm\u0171ves\nprogram, amely sz\u00e1mos kieg\u00e9sz\u00edt\u0151 programj\u00e1val eg\u00e9sz napos kikapcsol\u00f3d\u00e1st ny\u00fajt\nminden koroszt\u00e1ly sz\u00e1m\u00e1ra. A Vas\u00fatt\u00f6rt\u00e9neti Park 10 hekt\u00e1rosra b\u0151v\u00edtett rendezv\u00e9nyter\u00fclete\negy hossz\u00edtott h\u00e9tv\u00e9g\u00e9re teljesen megtelik l\u00e1tv\u00e1nyoss\u00e1ggal. <\/p>\n\n\n\n<p>A f\u0151 vonzer\u0151t az Orient \u00e9s a West mozdony k\u00f6rf\u0171t\u0151h\u00e1zakban elhelyezett veter\u00e1n aut\u00f3k \u00e9s motorok ki\u00e1ll\u00edt\u00e1sa jelenti, melynek \u00f6ssze\u00e1ll\u00edt\u00e1s\u00e1t a szervez\u0151k 1 \u00e9ves el\u0151k\u00e9sz\u00edt\u0151 munk\u00e1ja el\u0151zte meg. A nemzetk\u00f6zi elismerts\u00e9gnek k\u00f6sz\u00f6nhet\u0151en 2019-ben minden eddigin\u00e9l nagyobb sz\u00e1mban szerepelnek majd a k\u00fclf\u00f6ldi gy\u0171jt\u0151k \u00e9s klubok oldtimer aut\u00f3i \u00e9s motorjai is. Lesz igazi nagy durran\u00e1s is! F\u0151helyen lesz ki\u00e1ll\u00edtva egy 106 \u00e9ves restaur\u00e1lt Mercedes Simplex \u00e9s egy m\u00e1sfajta karossz\u00e9ri\u00e1j\u00fa eredeti \u00e1llapotban megmaradt 107 \u00e9ves Simplex. Erre a k\u00e9t aut\u00f3ra mondj\u00e1k, ez az a kateg\u00f3ria az ami el\u0151tt a milli\u00e1rdosok is t\u00e9rdre rogynak! <\/p>\n\n\n\n<figure class=\"wp-block-image\"><img loading=\"lazy\" decoding=\"async\" width=\"800\" height=\"600\" src=\"https:\/\/mxfoto.hu\/wp-content\/uploads\/2019\/03\/facebook_IMG_OTS_2019_25.jpg\" alt=\"\" class=\"wp-image-14300\" srcset=\"https:\/\/mxfoto.hu\/wp-content\/uploads\/2019\/03\/facebook_IMG_OTS_2019_25.jpg 800w, https:\/\/mxfoto.hu\/wp-content\/uploads\/2019\/03\/facebook_IMG_OTS_2019_25-150x113.jpg 150w, https:\/\/mxfoto.hu\/wp-content\/uploads\/2019\/03\/facebook_IMG_OTS_2019_25-300x225.jpg 300w, https:\/\/mxfoto.hu\/wp-content\/uploads\/2019\/03\/facebook_IMG_OTS_2019_25-768x576.jpg 768w, https:\/\/mxfoto.hu\/wp-content\/uploads\/2019\/03\/facebook_IMG_OTS_2019_25-700x525.jpg 700w\" sizes=\"auto, (max-width: 800px) 100vw, 800px\" \/><\/figure>\n\n\n\n<p>A\nk\u00fcls\u0151 ter\u00fcleteken csod\u00e1lhatj\u00e1k meg a l\u00e1togat\u00f3k a nagyobb j\u00e1rm\u0171veket, k\u00f6z\u00f6tt\u00fck a\nklasszikus amerikai nagyvasakat, teheraut\u00f3kat, buszokat \u00e9s a katonai j\u00e1rm\u0171veket.\nK\u00f6zk\u00edv\u00e1natra id\u00e9n ism\u00e9t a n\u00e9z\u0151k szeme el\u0151tt fog l\u00e9p\u00e9sr\u0151l-l\u00e9p\u00e9sre \u00f6ssze\u00e9p\u00edteni\negy veter\u00e1n sportaut\u00f3t az egyik restaur\u00e1tor csapat. A szocialista aut\u00f3k\ncsarnok\u00e1ban verklis adja majd a hangulatot, a Keleti-P\u00e1lyaudvar\n\u00f3ri\u00e1smakett el\u0151tt pedig oldtimer ker\u00e9kp\u00e1r ki\u00e1ll\u00edt\u00e1s lesz l\u00e1that\u00f3. A r\u00e9gi\nkorok divatj\u00e1t korabeli ruh\u00e1ba \u00f6lt\u00f6z\u00f6tt hostessek \u00e9s m\u00e1s k\u00f6zrem\u0171k\u00f6d\u0151k is\nbemutatj\u00e1k. Ebbe a j\u00e1t\u00e9kba a l\u00e1togat\u00f3k is besz\u00e1llhatnak, hiszen a nosztalgia\nruh\u00e1ban \u00e9rkez\u0151 vend\u00e9gek aj\u00e1nd\u00e9kokra sz\u00e1m\u00edthatnak.<\/p>\n\n\n\n<p>A\ngyermekekre d\u00edjmentesen haszn\u00e1lhat\u00f3 j\u00e1t\u00e9kok v\u00e1rnak: r\u00e9gi termel\u0151eszk\u00f6z\ninterakt\u00edv ki\u00e1ll\u00edt\u00e1s, k\u00e9zm\u0171ves foglalkoz\u00e1s, kov\u00e1csm\u0171hely, \u00edj\u00e1szat, arcfest\u00e9s, l\u00e9gcs\u00faszda,\nugr\u00e1l\u00f3v\u00e1r \u00e9s j\u00e1tsz\u00f3t\u00e9r. Az \u00e1llatsimogat\u00f3ban 30 f\u00e9le \u00e1llatka lesz. Az\n\u00e1llatokat a gyerekek a saj\u00e1t kez\u00fckb\u0151l etethetik meg a saj\u00e1t maguk morzsolta\nvagy dar\u00e1lta term\u00e9nyekkel.<\/p>\n\n\n\n<p>A park minden interakt\u00edv vasutas programja \u00fczemelni fog ezen a h\u00e9tv\u00e9g\u00e9n: kerti vas\u00fat, s\u00ednaut\u00f3, l\u00f3vas\u00fat, hajt\u00e1nyok, mozdonyforgat\u00f3 \u00e9s k\u00e9t igazi g\u0151zmozdonyt is bef\u0171tenek. <\/p>\n\n\n\n<figure class=\"wp-block-image\"><img loading=\"lazy\" decoding=\"async\" width=\"1024\" height=\"571\" src=\"https:\/\/mxfoto.hu\/wp-content\/uploads\/2019\/03\/facebook_IMG_OTS_2019_19-1024x571.jpg\" alt=\"\" class=\"wp-image-14299\" srcset=\"https:\/\/mxfoto.hu\/wp-content\/uploads\/2019\/03\/facebook_IMG_OTS_2019_19.jpg 1024w, https:\/\/mxfoto.hu\/wp-content\/uploads\/2019\/03\/facebook_IMG_OTS_2019_19-150x84.jpg 150w, https:\/\/mxfoto.hu\/wp-content\/uploads\/2019\/03\/facebook_IMG_OTS_2019_19-300x167.jpg 300w, https:\/\/mxfoto.hu\/wp-content\/uploads\/2019\/03\/facebook_IMG_OTS_2019_19-768x428.jpg 768w, https:\/\/mxfoto.hu\/wp-content\/uploads\/2019\/03\/facebook_IMG_OTS_2019_19-700x390.jpg 700w\" sizes=\"auto, (max-width: 1024px) 100vw, 1024px\" \/><\/figure>\n\n\n\n<p>Ism\u00e9t\nmegrendez\u00e9sre ker\u00fcl a nagysiker\u0171 Kalandj\u00e1r\u00f3k Ki\u00e1ll\u00edt\u00e1s, ahol lak\u00f3kocsik\n\u00e9s szabadid\u0151s j\u00e1rm\u0171vek lesznek l\u00e1that\u00f3ak. A V\u00edztorony Parkban lesz mindh\u00e1rom\nnapon a Tuningaut\u00f3 Ki\u00e1ll\u00edt\u00e1s a fiatalok kedv\u00e9\u00e9rt \u00e9s OT Tal\u00e1lkoz\u00f3\na t\u00far\u00e1z\u00e1s-kedvel\u0151 oldtimer aut\u00f3soknak. <\/p>\n\n\n\n<p>Lesz\nn\u00e9gy \u00fajdons\u00e1g is: USA Aut\u00f3 Ki\u00e1ll\u00edt\u00e1s a V\u00edztorony Parkban, Volga\nKi\u00e1ll\u00edt\u00e1s az Orient el\u0151tt, aut\u00f3modell ki\u00e1ll\u00edt\u00e1s az Orientben \u00e9s\nm\u0171k\u00f6d\u0151 120 \u00e9ves cs\u00e9pl\u0151g\u00e9p bemutat\u00f3 a traktorki\u00e1ll\u00edt\u00e1s ter\u00fclet\u00e9n.<\/p>\n\n\n\n<p>A nagy parkban lesz nagyszab\u00e1s\u00fa G\u0151zmozdony Ki\u00e1ll\u00edt\u00e1s \u00e9s Vas\u00fatikocsi Ki\u00e1ll\u00edt\u00e1s, valamint Terepasztal Ki\u00e1ll\u00edt\u00e1s. A hagyom\u00e1ny\u0151rz\u00e9s ism\u00e9t teret kap: H\u00e1zt\u00e1ji \u00e9s K\u00e9zm\u0171ves V\u00e1s\u00e1r, ahol f\u00fcst\u00f6lt kolb\u00e1sz, sajt, m\u00e9z, lekv\u00e1r \u00e9s egy\u00e9b h\u00e1zt\u00e1ji \u00e9telekb\u0151l \u00e9s k\u00e9zm\u0171ves term\u00e9kekb\u0151l lehet v\u00e1s\u00e1rolgatni. &nbsp;A melegkonyh\u00e1s \u00e9teleket a \u201eDiszn\u00f3toros Kolb\u00e1szfesztiv\u00e1l\u201d profi vend\u00e9gl\u00e1t\u00f3sai fogj\u00e1k k\u00e9sz\u00edteni \u00e9s azokat szab\u00e1lyozott \u00e1rakon \u00e1rus\u00edtani a l\u00e1togat\u00f3knak. <\/p>\n\n\n\n<figure class=\"wp-block-image\"><img loading=\"lazy\" decoding=\"async\" width=\"1024\" height=\"571\" src=\"https:\/\/mxfoto.hu\/wp-content\/uploads\/2019\/03\/facebook_IMG_OTS_2019_14-1024x571.jpg\" alt=\"\" class=\"wp-image-14298\" srcset=\"https:\/\/mxfoto.hu\/wp-content\/uploads\/2019\/03\/facebook_IMG_OTS_2019_14.jpg 1024w, https:\/\/mxfoto.hu\/wp-content\/uploads\/2019\/03\/facebook_IMG_OTS_2019_14-150x84.jpg 150w, https:\/\/mxfoto.hu\/wp-content\/uploads\/2019\/03\/facebook_IMG_OTS_2019_14-300x167.jpg 300w, https:\/\/mxfoto.hu\/wp-content\/uploads\/2019\/03\/facebook_IMG_OTS_2019_14-768x428.jpg 768w, https:\/\/mxfoto.hu\/wp-content\/uploads\/2019\/03\/facebook_IMG_OTS_2019_14-700x390.jpg 700w\" sizes=\"auto, (max-width: 1024px) 100vw, 1024px\" \/><\/figure>\n\n\n\n<p>Az\naut\u00f3val \u00e9rkez\u0151ket nagy befogad\u00f3k\u00e9pess\u00e9g\u0171, ingyenes parkol\u00f3k v\u00e1rj\u00e1k a\nhelysz\u00ednen. A Vas\u00fatt\u00f6rt\u00e9neti Park vas\u00faton, busszal, villamossal \u00e9s ker\u00e9kp\u00e1r\u00faton\nis megk\u00f6zel\u00edthet\u0151!<\/p>\n\n\n\n<p>Jegyek a rendezv\u00e9ny helysz\u00edn\u00e9n v\u00e1s\u00e1rolhat\u00f3k meg nyitvatart\u00e1si id\u0151ben, k\u00e9szp\u00e9nzzel, bankk\u00e1rty\u00e1val, SZ\u00c9P K\u00e1rty\u00e1val \u00e9s Erzs\u00e9bet Utalv\u00e1nnyal.<\/p>\n\n\n\n<figure class=\"wp-block-image\"><img loading=\"lazy\" decoding=\"async\" width=\"1024\" height=\"666\" src=\"https:\/\/mxfoto.hu\/wp-content\/uploads\/2019\/03\/berendez\u00e9si-t\u00e9k\u00e9p-Oldtimer-Show-2019-1024x666.jpg\" alt=\"\" class=\"wp-image-14302\" srcset=\"https:\/\/mxfoto.hu\/wp-content\/uploads\/2019\/03\/berendez\u00e9si-t\u00e9k\u00e9p-Oldtimer-Show-2019-1024x666.jpg 1024w, https:\/\/mxfoto.hu\/wp-content\/uploads\/2019\/03\/berendez\u00e9si-t\u00e9k\u00e9p-Oldtimer-Show-2019-150x98.jpg 150w, https:\/\/mxfoto.hu\/wp-content\/uploads\/2019\/03\/berendez\u00e9si-t\u00e9k\u00e9p-Oldtimer-Show-2019-300x195.jpg 300w, https:\/\/mxfoto.hu\/wp-content\/uploads\/2019\/03\/berendez\u00e9si-t\u00e9k\u00e9p-Oldtimer-Show-2019-768x500.jpg 768w, https:\/\/mxfoto.hu\/wp-content\/uploads\/2019\/03\/berendez\u00e9si-t\u00e9k\u00e9p-Oldtimer-Show-2019-700x455.jpg 700w, https:\/\/mxfoto.hu\/wp-content\/uploads\/2019\/03\/berendez\u00e9si-t\u00e9k\u00e9p-Oldtimer-Show-2019.jpg 1199w\" sizes=\"auto, (max-width: 1024px) 100vw, 1024px\" \/><figcaption>Berendez\u00e9s t\u00e9rk\u00e9p a 2019-es Oldtimer Show-r\u00f3l<br \/><\/figcaption><\/figure>\n\n\n\n<p>El\u0151v\u00e9telben\n<a href=\"https:\/\/oneticket.hu\/api\/embed\/oldtimer-show-2829\">www.oneticket.hu<\/a>\noldalon. Az el\u0151v\u00e9teles jegyek megv\u00e1s\u00e1rl\u00e1s\u00e1ra 2019. m\u00e1rc. 31-\u00e9n 24:00-ig van\nlehet\u0151s\u00e9g.<\/p>\n\n\n\n<p>Az\nOldtimer Show programjair\u00f3l, t\u00f6megk\u00f6zleked\u00e9si \u00e9s egy\u00e9b inform\u00e1ci\u00f3kr\u00f3l a <a href=\"http:\/\/www.oldtimershow.hu\/\">www.oldtimershow.hu<\/a> honlapon vagy a <a href=\"https:\/\/www.facebook.com\/oldtimershow\/\">www.facebook.com\/oldtimershow\/<\/a> oldalon\ntal\u00e1lhat\u00f3k tov\u00e1bbi inform\u00e1ci\u00f3k. <\/p>\n","protected":false},"excerpt":{"rendered":"<p>2019. \u00e1prilis 5-7-ig ism\u00e9t a Magyar Vas\u00fatt\u00f6rt\u00e9neti Park-ban ker\u00fcl megrendez\u00e9sre K\u00f6z\u00e9p- \u00e9s Kelet-Eur\u00f3pa legnagyobb veter\u00e1nj\u00e1rm\u0171 ki\u00e1ll\u00edt\u00e1sa a budapesti Oldtimer Show. 100 \u00e9vn\u00e9l is id\u0151sebb motorok, fakerek\u0171 aut\u00f3k, traktorok, buszok \u00e9s teheraut\u00f3k. 500 db veter\u00e1n j\u00e1rm\u0171 ker\u00fcl bemutat\u00e1sra! Minden t\u00edpusb\u00f3l csak 1-1db, a fellelhet\u0151 legszebb p\u00e9ld\u00e1ny. Az Oldtimer Show nem csup\u00e1n ki\u00e1ll\u00edt\u00e1s, hanem olyan nagyszab\u00e1s\u00fa nosztalgia-j\u00e1rm\u0171ves [&hellip;]<\/p>\n","protected":false},"author":1,"featured_media":14294,"comment_status":"open","ping_status":"open","sticky":true,"template":"","format":"standard","meta":{"footnotes":""},"categories":[2,1,3,4],"tags":[],"class_list":["post-14293","post","type-post","status-publish","format-standard","has-post-thumbnail","hentry","category-autosport-drift-rally-f1-wtcc-gyursulas","category-egyeb","category-egyeb-sport-rendezvenyek-csajok-hirek-ujdonsagok","category-motorsport-motocross-moto-gp-superbike-supermoto-mxgp"],"_links":{"self":[{"href":"https:\/\/mxfoto.hu\/index.php?rest_route=\/wp\/v2\/posts\/14293","targetHints":{"allow":["GET"]}}],"collection":[{"href":"https:\/\/mxfoto.hu\/index.php?rest_route=\/wp\/v2\/posts"}],"about":[{"href":"https:\/\/mxfoto.hu\/index.php?rest_route=\/wp\/v2\/types\/post"}],"author":[{"embeddable":true,"href":"https:\/\/mxfoto.hu\/index.php?rest_route=\/wp\/v2\/users\/1"}],"replies":[{"embeddable":true,"href":"https:\/\/mxfoto.hu\/index.php?rest_route=%2Fwp%2Fv2%2Fcomments&post=14293"}],"version-history":[{"count":3,"href":"https:\/\/mxfoto.hu\/index.php?rest_route=\/wp\/v2\/posts\/14293\/revisions"}],"predecessor-version":[{"id":14304,"href":"https:\/\/mxfoto.hu\/index.php?rest_route=\/wp\/v2\/posts\/14293\/revisions\/14304"}],"wp:featuredmedia":[{"embeddable":true,"href":"https:\/\/mxfoto.hu\/index.php?rest_route=\/wp\/v2\/media\/14294"}],"wp:attachment":[{"href":"https:\/\/mxfoto.hu\/index.php?rest_route=%2Fwp%2Fv2%2Fmedia&parent=14293"}],"wp:term":[{"taxonomy":"category","embeddable":true,"href":"https:\/\/mxfoto.hu\/index.php?rest_route=%2Fwp%2Fv2%2Fcategories&post=14293"},{"taxonomy":"post_tag","embeddable":true,"href":"https:\/\/mxfoto.hu\/index.php?rest_route=%2Fwp%2Fv2%2Ftags&post=14293"}],"curies":[{"name":"wp","href":"https:\/\/api.w.org\/{rel}","templated":true}]}}