{"id":14348,"date":"2019-03-31T11:28:47","date_gmt":"2019-03-31T09:28:47","guid":{"rendered":"https:\/\/mxfoto.hu\/?p=14348"},"modified":"2019-03-31T11:29:10","modified_gmt":"2019-03-31T09:29:10","slug":"mxgp-valkenswaard-kvalifikacio-3","status":"publish","type":"post","link":"https:\/\/mxfoto.hu\/?p=14348","title":{"rendered":"MXGP Valkenswaard kvalifik\u00e1ci\u00f3"},"content":{"rendered":"\n<p><strong>ANTONIO CAIROLI <\/strong>\u00e9s<strong> JORGE PRADO&nbsp;<\/strong>a polpoz\u00edci\u00f3ban Valkenswaardban<\/p>\n\n\n\n<figure class=\"wp-block-embed-youtube wp-block-embed is-type-video is-provider-youtube wp-embed-aspect-16-9 wp-has-aspect-ratio\"><div class=\"wp-block-embed__wrapper\">\n<iframe loading=\"lazy\" title=\"Qualifying Highlights - MXGP of The Netherlands 2019\" width=\"500\" height=\"281\" src=\"https:\/\/www.youtube.com\/embed\/slRrjvGA6x8?feature=oembed\" frameborder=\"0\" allow=\"accelerometer; autoplay; clipboard-write; encrypted-media; gyroscope; picture-in-picture; web-share\" referrerpolicy=\"strict-origin-when-cross-origin\" allowfullscreen><\/iframe>\n<\/div><\/figure>\n\n\n\n<p><strong>MXGP <\/strong>kvalkifik\u00e1ci\u00f3<strong>:&nbsp;<\/strong>1.&nbsp;Antonio Cairoli (ITA, KTM), 24:19.045; 2. Tim Gajser (SLO, Honda), +0:04.551; 3.&nbsp;Jeremy Van Horebeek (BEL, Honda), +0:15.172; 4. Max Anstie (GBR, KTM), +0:19.774; 5. Arminas Jasikonis (LTU, Husqvarna), +0:30.289; 6. Gautier Paulin (FRA, Yamaha), +0:35.696; 7. Jeremy Seewer (SUI, Yamaha), +0:38.974; 8. Clement Desalle (BEL, Kawasaki), +0:44.593; 9. Glenn Coldenhoff (NED, KTM), +0:48.604; 10. Ivo Monticelli (ITA, KTM), +0:50.204 <\/p>\n\n\n\n<figure class=\"wp-block-image\"><img loading=\"lazy\" decoding=\"async\" width=\"1024\" height=\"682\" src=\"https:\/\/mxfoto.hu\/wp-content\/uploads\/2019\/03\/Prado-1024x682.jpg\" alt=\"\" class=\"wp-image-14350\" srcset=\"https:\/\/mxfoto.hu\/wp-content\/uploads\/2019\/03\/Prado.jpg 1024w, https:\/\/mxfoto.hu\/wp-content\/uploads\/2019\/03\/Prado-150x100.jpg 150w, https:\/\/mxfoto.hu\/wp-content\/uploads\/2019\/03\/Prado-300x200.jpg 300w, https:\/\/mxfoto.hu\/wp-content\/uploads\/2019\/03\/Prado-768x512.jpg 768w, https:\/\/mxfoto.hu\/wp-content\/uploads\/2019\/03\/Prado-700x466.jpg 700w\" sizes=\"auto, (max-width: 1024px) 100vw, 1024px\" \/><\/figure>\n\n\n\n<p><strong>MX2<\/strong>kvalifik\u00e1ci\u00f3: 1. Jorge Prado (ESP, KTM), 24:48.550; 2. Thomas Kjer Olsen (DEN, Husqvarna), +0:09.942; 3. Jago Geerts (BEL, Yamaha), +0:13.514; 4. Henry Jacobi (GER, Kawasaki), +0:19.460; 5. Davy Pootjes (NED, Husqvarna), +0:23.120; 6. Brent Van doninck (BEL, Honda), +0:26.980; 7. Maxime Renaux (FRA, Yamaha), +0:29.278; 8. Bas Vaessen (NED, KTM), +0:31.521; 9. Tom Vialle (FRA, KTM), +0:34.164; 10. Ben Watson (GBR, Yamaha), +0:35.901 <\/p>\n","protected":false},"excerpt":{"rendered":"<p>ANTONIO CAIROLI \u00e9s JORGE PRADO&nbsp;a polpoz\u00edci\u00f3ban Valkenswaardban MXGP kvalkifik\u00e1ci\u00f3:&nbsp;1.&nbsp;Antonio Cairoli (ITA, KTM), 24:19.045; 2. Tim Gajser (SLO, Honda), +0:04.551; 3.&nbsp;Jeremy Van Horebeek (BEL, Honda), +0:15.172; 4. Max Anstie (GBR, KTM), +0:19.774; 5. Arminas Jasikonis (LTU, Husqvarna), +0:30.289; 6. Gautier Paulin (FRA, Yamaha), +0:35.696; 7. Jeremy Seewer (SUI, Yamaha), +0:38.974; 8. Clement Desalle (BEL, Kawasaki), +0:44.593; [&hellip;]<\/p>\n","protected":false},"author":1,"featured_media":14349,"comment_status":"open","ping_status":"open","sticky":true,"template":"","format":"standard","meta":{"footnotes":""},"categories":[4],"tags":[262,7,250,30,15,277,58],"class_list":["post-14348","post","type-post","status-publish","format-standard","has-post-thumbnail","hentry","category-motorsport-motocross-moto-gp-superbike-supermoto-mxgp","tag-kvalifikacio","tag-motocross","tag-motokrossz","tag-mx2","tag-mxgp","tag-qualifying","tag-valkenswaard"],"_links":{"self":[{"href":"https:\/\/mxfoto.hu\/index.php?rest_route=\/wp\/v2\/posts\/14348","targetHints":{"allow":["GET"]}}],"collection":[{"href":"https:\/\/mxfoto.hu\/index.php?rest_route=\/wp\/v2\/posts"}],"about":[{"href":"https:\/\/mxfoto.hu\/index.php?rest_route=\/wp\/v2\/types\/post"}],"author":[{"embeddable":true,"href":"https:\/\/mxfoto.hu\/index.php?rest_route=\/wp\/v2\/users\/1"}],"replies":[{"embeddable":true,"href":"https:\/\/mxfoto.hu\/index.php?rest_route=%2Fwp%2Fv2%2Fcomments&post=14348"}],"version-history":[{"count":2,"href":"https:\/\/mxfoto.hu\/index.php?rest_route=\/wp\/v2\/posts\/14348\/revisions"}],"predecessor-version":[{"id":14352,"href":"https:\/\/mxfoto.hu\/index.php?rest_route=\/wp\/v2\/posts\/14348\/revisions\/14352"}],"wp:featuredmedia":[{"embeddable":true,"href":"https:\/\/mxfoto.hu\/index.php?rest_route=\/wp\/v2\/media\/14349"}],"wp:attachment":[{"href":"https:\/\/mxfoto.hu\/index.php?rest_route=%2Fwp%2Fv2%2Fmedia&parent=14348"}],"wp:term":[{"taxonomy":"category","embeddable":true,"href":"https:\/\/mxfoto.hu\/index.php?rest_route=%2Fwp%2Fv2%2Fcategories&post=14348"},{"taxonomy":"post_tag","embeddable":true,"href":"https:\/\/mxfoto.hu\/index.php?rest_route=%2Fwp%2Fv2%2Ftags&post=14348"}],"curies":[{"name":"wp","href":"https:\/\/api.w.org\/{rel}","templated":true}]}}