{"id":14402,"date":"2019-05-07T12:56:20","date_gmt":"2019-05-07T10:56:20","guid":{"rendered":"https:\/\/mxfoto.hu\/?p=14402"},"modified":"2019-05-07T12:57:31","modified_gmt":"2019-05-07T10:57:31","slug":"a-ferrari-budapest-visszatert-a-versenysorozatba-es-gyozelmet-aratott","status":"publish","type":"post","link":"https:\/\/mxfoto.hu\/?p=14402","title":{"rendered":"A Ferrari Budapest visszat\u00e9rt a versenysorozatba \u00e9s gy\u0151zelmet aratott"},"content":{"rendered":"\n<p>   A Ferrari Budapest hihetetlen gy\u0151zelmet aratott a Ferrari Challenge Europe-ba val\u00f3 visszat\u00e9r\u00e9sekor m\u00falt h\u00e9tv\u00e9g\u00e9n a Red Bull Ring-en.<\/p>\n\n\n\n<p><br \/>   A kor\u00e1bbi IndyCar \u00e9s Formula E versenyz\u0151 Adam Carrollal, valamint a Pizza Forte \u00e1ltal t\u00e1mogatott 488 Challenge versenyaut\u00f3val a Ferrari Budapest visszat\u00e9r\u00e9se hatalmas siker volt.<br \/> <\/p>\n\n\n\n<p>   A Ferrari Budapest csapata a 2011-es Coppa Shell c\u00edm megnyer\u00e9se \u00f3ta nem<br \/> versenyzett a sorozatban. A brit FF Corse csapat k\u00f6zrem\u0171k\u00f6d\u00e9s\u00e9vel t\u00e9rt vissza id\u00e9n, hogy a sz\u00e9ria fels\u0151 oszt\u00e1ly\u00e1ban, a Trofeo Pirelliben versenyezzen.<\/p>\n\n\n\n<p>   B\u00e1r Carollnak korl\u00e1tozott p\u00e1lyahaszn\u00e1lati lehet\u0151s\u00e9ge volt a p\u00e9nteki gyakorl\u00e1son, hatodikk\u00e9nt v\u00e9gzett az szabadedz\u00e9sen, majd szombaton jav\u00edtva a teljes\u00edtm\u00e9ny\u00e9t m\u00e1r az els\u0151 helyr\u0151l indulhatott a verseny nyit\u00f3 futam\u00e1n.<\/p>\n\n\n\n<figure class=\"wp-block-image\"><img loading=\"lazy\" decoding=\"async\" width=\"1024\" height=\"683\" src=\"https:\/\/mxfoto.hu\/wp-content\/uploads\/2019\/05\/190816-ccl-europe-spielberg-race-1-pirelli-1024x683.jpg\" alt=\"\" class=\"wp-image-14404\" srcset=\"https:\/\/mxfoto.hu\/wp-content\/uploads\/2019\/05\/190816-ccl-europe-spielberg-race-1-pirelli-1024x683.jpg 1024w, https:\/\/mxfoto.hu\/wp-content\/uploads\/2019\/05\/190816-ccl-europe-spielberg-race-1-pirelli-150x100.jpg 150w, https:\/\/mxfoto.hu\/wp-content\/uploads\/2019\/05\/190816-ccl-europe-spielberg-race-1-pirelli-300x200.jpg 300w, https:\/\/mxfoto.hu\/wp-content\/uploads\/2019\/05\/190816-ccl-europe-spielberg-race-1-pirelli-768x512.jpg 768w, https:\/\/mxfoto.hu\/wp-content\/uploads\/2019\/05\/190816-ccl-europe-spielberg-race-1-pirelli-700x467.jpg 700w, https:\/\/mxfoto.hu\/wp-content\/uploads\/2019\/05\/190816-ccl-europe-spielberg-race-1-pirelli.jpg 1200w\" sizes=\"auto, (max-width: 1024px) 100vw, 1024px\" \/><\/figure>\n\n\n\n<p>  Az egy\u00fcl\u00e9ses, illetve sportaut\u00f3kn\u00e1l szerzett rendk\u00edv\u00fcli ersenytapasztalat\u00e1t mutatja, hogy a 36 \u00e9ves Carrollnak, csak f\u00e9l k\u00f6r kellett ahhoz, hogy az \u00e9lre \u00e1lljon az es\u0151 \u00e1ztatott p\u00e1ly\u00e1n, \u00e9s egy er\u0151s k\u00fczdelemben vezette gy\u0151zelemre a Pizza Forte \u00e1ltal t\u00e1mogatott  aut\u00f3j\u00e1t.<\/p>\n\n\n\n<p>    A vas\u00e1rnapi kvalifik\u00e1ci\u00f3 m\u00e9g rosszabb id\u0151j\u00e1r\u00e1si k\u00f6r\u00fclm\u00e9nyek k\u00f6zt zajlott. A h\u00f3 bebor\u00edtotta a Styrian hegys\u00e9gben tal\u00e1lhat\u00f3 Spielberg-i versenyp\u00e1ly\u00e1t.<br \/> Az id\u0151j\u00e1r\u00e1s sajnos olyan rossz volt, hogy alig egy \u00f3r\u00e1val a verseny kezdete el\u0151tt t\u00f6r\u00f6lt\u00e9k a futamot, ezzel megfosztva Carollt tov\u00e1bbi lehets\u00e9ges gy\u0151zelm\u00e9t\u0151l.<br \/>Caroll gy\u0151zelme azt jelenti, hogy b\u00e1r egy futamon vett eddig r\u00e9szt, hetedik helyen \u00e1ll a Trofeo Pirelli list\u00e1j\u00e1n, a Ferrari Budapest pedig a 16. helyen a csapatbajnoks\u00e1gon.<\/p>\n\n\n\n<figure class=\"wp-block-image\"><img loading=\"lazy\" decoding=\"async\" width=\"1024\" height=\"683\" src=\"https:\/\/mxfoto.hu\/wp-content\/uploads\/2019\/05\/190821-ccl-europe-spielberg-race-1-pirelli-1024x683.jpg\" alt=\"\" class=\"wp-image-14405\" srcset=\"https:\/\/mxfoto.hu\/wp-content\/uploads\/2019\/05\/190821-ccl-europe-spielberg-race-1-pirelli-1024x683.jpg 1024w, https:\/\/mxfoto.hu\/wp-content\/uploads\/2019\/05\/190821-ccl-europe-spielberg-race-1-pirelli-150x100.jpg 150w, https:\/\/mxfoto.hu\/wp-content\/uploads\/2019\/05\/190821-ccl-europe-spielberg-race-1-pirelli-300x200.jpg 300w, https:\/\/mxfoto.hu\/wp-content\/uploads\/2019\/05\/190821-ccl-europe-spielberg-race-1-pirelli-768x512.jpg 768w, https:\/\/mxfoto.hu\/wp-content\/uploads\/2019\/05\/190821-ccl-europe-spielberg-race-1-pirelli-700x467.jpg 700w, https:\/\/mxfoto.hu\/wp-content\/uploads\/2019\/05\/190821-ccl-europe-spielberg-race-1-pirelli.jpg 1200w\" sizes=\"auto, (max-width: 1024px) 100vw, 1024px\" \/><\/figure>\n\n\n\n<p>   A k\u00f6vetkez\u0151 rendezv\u00e9ny a hagyom\u00e1nyos Ferrari Challenge form\u00e1tummal megszakad \u00e9s egy 40 perces futammal folytat\u00f3dni a Le Mans-i 24 \u00f3r\u00e1s versenyen, j\u00fanius 14-\u00e9n, amely sor\u00e1n a Trofeo Pirelli \u00e9s a Coppa Shell versenyz\u0151i egy\u00fctt fognak versenyezni.<\/p>\n\n\n\n<figure class=\"wp-block-image\"><img loading=\"lazy\" decoding=\"async\" width=\"1024\" height=\"683\" src=\"https:\/\/mxfoto.hu\/wp-content\/uploads\/2019\/05\/190823-ccl-europe-spielberg-race-1-pirelli-1024x683.jpg\" alt=\"\" class=\"wp-image-14406\" srcset=\"https:\/\/mxfoto.hu\/wp-content\/uploads\/2019\/05\/190823-ccl-europe-spielberg-race-1-pirelli-1024x683.jpg 1024w, https:\/\/mxfoto.hu\/wp-content\/uploads\/2019\/05\/190823-ccl-europe-spielberg-race-1-pirelli-150x100.jpg 150w, https:\/\/mxfoto.hu\/wp-content\/uploads\/2019\/05\/190823-ccl-europe-spielberg-race-1-pirelli-300x200.jpg 300w, https:\/\/mxfoto.hu\/wp-content\/uploads\/2019\/05\/190823-ccl-europe-spielberg-race-1-pirelli-768x512.jpg 768w, https:\/\/mxfoto.hu\/wp-content\/uploads\/2019\/05\/190823-ccl-europe-spielberg-race-1-pirelli-700x467.jpg 700w, https:\/\/mxfoto.hu\/wp-content\/uploads\/2019\/05\/190823-ccl-europe-spielberg-race-1-pirelli.jpg 1200w\" sizes=\"auto, (max-width: 1024px) 100vw, 1024px\" \/><\/figure>\n\n\n\n<p>    Adam Carroll, Ferrari Budapest, \u00edgy nyilatkozott:<br \/><em>\u201cLesz\u00e1m\u00edtva az id\u0151j\u00e1r\u00e1st, ez egy csod\u00e1latos h\u00e9tv\u00e9ge volt. Nagy \u00f6r\u00f6mmel t\u00f6lt el, hogy gy\u0151zelemmel deb\u00fct\u00e1lhattam a Ferrari Challengen, az els\u0151 k\u00f6z\u00f6s egy\u00fcttm\u0171k\u00f6d\u00e9s\u00fcnk sor\u00e1n a Ferrari Budapesttel \u00e9s az FF Corse-vel.<br \/>J\u00f3 munk\u00e1t v\u00e9gezt\u00fcnk a p\u00e9nteki el\u0151futamon, kis id\u0151be telt m\u00edg megtal\u00e1ltuk<br \/> az \u00f6sszes kell\u0151 be\u00e1ll\u00edt\u00e1st \u00e9s berendez\u00e9st, mely a teljes\u00edtm\u00e9nyem maximaliz\u00e1l\u00e1s\u00e1t lehet\u0151v\u00e9 tette. Le voltam ny\u0171g\u00f6zve a verseny szintj\u00e9t\u0151l ebben a sz\u00e9ri\u00e1ban, k\u00fcl\u00f6n\u00f6sk\u00e9pp koncetr\u00e1lnom kellett a versenyre ahogy az \u00e9lre ker\u00fcltem. A k\u00f6r\u00fclm\u00e9nyek igen nehezek voltak, \u00edgy tudtam, hogy nem hib\u00e1zhatok. Hat\u00e1rozottan er\u0151s egy\u00fcttm\u0171k\u00f6d\u00e9s \u00e9s \u00f6sszetart\u00e1s van az FF Corse \u00e9s a Ferrari Budapest k\u00f6z\u00f6tt, el\u0151retekint\u00fcnk a k\u00f6vetkez\u0151 megm\u00e9rettet\u00e9sre. A Le Mans-i esem\u00e9ny az \u00e9v f\u00e9nypontja lesz, melyen mindneki nyerni akar majd.\u201d<\/em><\/p>\n\n\n\n<p>   Emanuele Lippi, Ferrari Budapest igazgat\u00f3ja \u00edgy nyilatkozott:<br \/><em>\u201cEz egy t\u00f6k\u00e9letes visszat\u00e9r\u00e9s volt a Ferrari Challenge-ba. Visszat\u00e9rni \u00e9s gy\u0151zelmet aratni, ez az \u00e9rz\u00e9s csod\u00e1latos! Az FF Corse egy hihetetlen\u00fcl j\u00f3l m\u0171k\u00f6d\u0151 \u00e9s professzion\u00e1lis csapat. B\u00fcszk\u00e9k vagyunk r\u00e1, hogy \u0151k k\u00e9sz\u00edtett\u00e9k fel az aut\u00f3nkat Adam sz\u00e1m\u00e1ra, aki szint\u00e9n nagyszer\u0171 munk\u00e1t v\u00e9gzett. Ez az eredm\u00e9ny mindannyiunk sz\u00e1m\u00e1ra egy egy\u00e9rtelm\u0171 visszajelz\u00e9s, hogy ez az egy\u00fcttm\u0171k\u00f6d\u00e9s hihetetlen\u00fcl sikeres lesz a szezon elk\u00f6vetkezend\u0151 r\u00e9sz\u00e9ben.<br \/> Le Mans nem j\u00f6het el\u00e9g kor\u00e1n.\u201d<\/em><\/p>\n","protected":false},"excerpt":{"rendered":"<p>A Ferrari Budapest hihetetlen gy\u0151zelmet aratott a Ferrari Challenge Europe-ba val\u00f3 visszat\u00e9r\u00e9sekor m\u00falt h\u00e9tv\u00e9g\u00e9n a Red Bull Ring-en. A kor\u00e1bbi IndyCar \u00e9s Formula E versenyz\u0151 Adam Carrollal, valamint a Pizza Forte \u00e1ltal t\u00e1mogatott 488 Challenge versenyaut\u00f3val a Ferrari Budapest visszat\u00e9r\u00e9se hatalmas siker volt. A Ferrari Budapest csapata a 2011-es Coppa Shell c\u00edm megnyer\u00e9se \u00f3ta nem [&hellip;]<\/p>\n","protected":false},"author":1,"featured_media":14403,"comment_status":"open","ping_status":"open","sticky":true,"template":"","format":"standard","meta":{"footnotes":""},"categories":[2],"tags":[211,343,344,112,345],"class_list":["post-14402","post","type-post","status-publish","format-standard","has-post-thumbnail","hentry","category-autosport-drift-rally-f1-wtcc-gyursulas","tag-ferrari","tag-ferraribudapest","tag-ferrarichallenge","tag-redbull","tag-redbullring"],"_links":{"self":[{"href":"https:\/\/mxfoto.hu\/index.php?rest_route=\/wp\/v2\/posts\/14402","targetHints":{"allow":["GET"]}}],"collection":[{"href":"https:\/\/mxfoto.hu\/index.php?rest_route=\/wp\/v2\/posts"}],"about":[{"href":"https:\/\/mxfoto.hu\/index.php?rest_route=\/wp\/v2\/types\/post"}],"author":[{"embeddable":true,"href":"https:\/\/mxfoto.hu\/index.php?rest_route=\/wp\/v2\/users\/1"}],"replies":[{"embeddable":true,"href":"https:\/\/mxfoto.hu\/index.php?rest_route=%2Fwp%2Fv2%2Fcomments&post=14402"}],"version-history":[{"count":2,"href":"https:\/\/mxfoto.hu\/index.php?rest_route=\/wp\/v2\/posts\/14402\/revisions"}],"predecessor-version":[{"id":14408,"href":"https:\/\/mxfoto.hu\/index.php?rest_route=\/wp\/v2\/posts\/14402\/revisions\/14408"}],"wp:featuredmedia":[{"embeddable":true,"href":"https:\/\/mxfoto.hu\/index.php?rest_route=\/wp\/v2\/media\/14403"}],"wp:attachment":[{"href":"https:\/\/mxfoto.hu\/index.php?rest_route=%2Fwp%2Fv2%2Fmedia&parent=14402"}],"wp:term":[{"taxonomy":"category","embeddable":true,"href":"https:\/\/mxfoto.hu\/index.php?rest_route=%2Fwp%2Fv2%2Fcategories&post=14402"},{"taxonomy":"post_tag","embeddable":true,"href":"https:\/\/mxfoto.hu\/index.php?rest_route=%2Fwp%2Fv2%2Ftags&post=14402"}],"curies":[{"name":"wp","href":"https:\/\/api.w.org\/{rel}","templated":true}]}}