{"id":5031,"date":"2014-07-13T00:35:05","date_gmt":"2014-07-12T22:35:05","guid":{"rendered":"http:\/\/mxfoto.hu\/?p=5031"},"modified":"2014-07-13T00:35:05","modified_gmt":"2014-07-12T22:35:05","slug":"hyvinkaa-mx2-kvalifikacio","status":"publish","type":"post","link":"https:\/\/mxfoto.hu\/?p=5031","title":{"rendered":"Hyvinkaa &#8211; MX2 Kvalifik\u00e1ci\u00f3"},"content":{"rendered":"<p>&nbsp;<\/p>\n<p>MX2 kvalifik\u00e1ci\u00f3 (els\u0151 10):\u00a01. Jeffrey Herlings (NED, KTM), 23:32.491; 2. Dylan Ferrandis (FRA, Kawasaki), +0:00.386; 3. Valentin Guillod (SUI, KTM), +0:08.644; 4. Petar Petrov (BUL, Yamaha), +0:29.617; 5. Harri Kullas (FIN, KTM), +0:32.289; 6. Julien Lieber (BEL, Suzuki), +0:36.672; 7. Jose Butron (ESP, KTM), +0:41.318; 8. Pauls Jonass (LAT, KTM), +0:43.458; 9. Aleksandr Tonkov (RUS, Husqvarna), +0:44.411; 10. Vsevolod Brylyakov (RUS, Honda), +0:51.709.<\/p>\n<p><a href=\"http:\/\/mxfoto.hu\/wp-content\/uploads\/2014\/07\/HerlingsSat_MXGP_13_FIN_2014.jpg\"><img loading=\"lazy\" decoding=\"async\" class=\"alignnone size-full wp-image-5035\" src=\"http:\/\/mxfoto.hu\/wp-content\/uploads\/2014\/07\/HerlingsSat_MXGP_13_FIN_2014.jpg\" alt=\"HerlingsSat_MXGP_13_FIN_2014\" width=\"800\" height=\"533\" srcset=\"https:\/\/mxfoto.hu\/wp-content\/uploads\/2014\/07\/HerlingsSat_MXGP_13_FIN_2014.jpg 800w, https:\/\/mxfoto.hu\/wp-content\/uploads\/2014\/07\/HerlingsSat_MXGP_13_FIN_2014-150x99.jpg 150w, https:\/\/mxfoto.hu\/wp-content\/uploads\/2014\/07\/HerlingsSat_MXGP_13_FIN_2014-300x199.jpg 300w, https:\/\/mxfoto.hu\/wp-content\/uploads\/2014\/07\/HerlingsSat_MXGP_13_FIN_2014-700x466.jpg 700w\" sizes=\"auto, (max-width: 800px) 100vw, 800px\" \/><\/a> <a href=\"http:\/\/mxfoto.hu\/wp-content\/uploads\/2014\/07\/MX2startSat_MXGP_13_FIN_2014.jpg\"><img loading=\"lazy\" decoding=\"async\" class=\"alignnone size-large wp-image-5036\" src=\"http:\/\/mxfoto.hu\/wp-content\/uploads\/2014\/07\/MX2startSat_MXGP_13_FIN_2014.jpg\" alt=\"MX2startSat_MXGP_13_FIN_2014\" width=\"620\" height=\"413\" srcset=\"https:\/\/mxfoto.hu\/wp-content\/uploads\/2014\/07\/MX2startSat_MXGP_13_FIN_2014.jpg 800w, https:\/\/mxfoto.hu\/wp-content\/uploads\/2014\/07\/MX2startSat_MXGP_13_FIN_2014-150x99.jpg 150w, https:\/\/mxfoto.hu\/wp-content\/uploads\/2014\/07\/MX2startSat_MXGP_13_FIN_2014-300x199.jpg 300w, https:\/\/mxfoto.hu\/wp-content\/uploads\/2014\/07\/MX2startSat_MXGP_13_FIN_2014-700x466.jpg 700w\" sizes=\"auto, (max-width: 620px) 100vw, 620px\" \/><\/a> <a href=\"http:\/\/mxfoto.hu\/wp-content\/uploads\/2014\/07\/PetrovSat_MXGP_13_FIN_2014.jpg\"><img loading=\"lazy\" decoding=\"async\" class=\"alignnone size-large wp-image-5037\" src=\"http:\/\/mxfoto.hu\/wp-content\/uploads\/2014\/07\/PetrovSat_MXGP_13_FIN_2014.jpg\" alt=\"PetrovSat_MXGP_13_FIN_2014\" width=\"620\" height=\"413\" srcset=\"https:\/\/mxfoto.hu\/wp-content\/uploads\/2014\/07\/PetrovSat_MXGP_13_FIN_2014.jpg 800w, https:\/\/mxfoto.hu\/wp-content\/uploads\/2014\/07\/PetrovSat_MXGP_13_FIN_2014-150x99.jpg 150w, https:\/\/mxfoto.hu\/wp-content\/uploads\/2014\/07\/PetrovSat_MXGP_13_FIN_2014-300x199.jpg 300w, https:\/\/mxfoto.hu\/wp-content\/uploads\/2014\/07\/PetrovSat_MXGP_13_FIN_2014-700x466.jpg 700w\" sizes=\"auto, (max-width: 620px) 100vw, 620px\" \/><\/a><\/p>\n","protected":false},"excerpt":{"rendered":"<p>&nbsp; MX2 kvalifik\u00e1ci\u00f3 (els\u0151 10):\u00a01. Jeffrey Herlings (NED, KTM), 23:32.491; 2. Dylan Ferrandis (FRA, Kawasaki), +0:00.386; 3. Valentin Guillod (SUI, KTM), +0:08.644; 4. Petar Petrov (BUL, Yamaha), +0:29.617; 5. Harri Kullas (FIN, KTM), +0:32.289; 6. Julien Lieber (BEL, Suzuki), +0:36.672; 7. Jose Butron (ESP, KTM), +0:41.318; 8. Pauls Jonass (LAT, KTM), +0:43.458; 9. Aleksandr Tonkov [&hellip;]<\/p>\n","protected":false},"author":1,"featured_media":5036,"comment_status":"open","ping_status":"open","sticky":true,"template":"","format":"standard","meta":{"footnotes":""},"categories":[4],"tags":[63,7,30,15,64],"class_list":["post-5031","post","type-post","status-publish","format-standard","has-post-thumbnail","hentry","category-motorsport-motocross-moto-gp-superbike-supermoto-mxgp","tag-hirek","tag-motocross","tag-mx2","tag-mxgp","tag-news"],"_links":{"self":[{"href":"https:\/\/mxfoto.hu\/index.php?rest_route=\/wp\/v2\/posts\/5031","targetHints":{"allow":["GET"]}}],"collection":[{"href":"https:\/\/mxfoto.hu\/index.php?rest_route=\/wp\/v2\/posts"}],"about":[{"href":"https:\/\/mxfoto.hu\/index.php?rest_route=\/wp\/v2\/types\/post"}],"author":[{"embeddable":true,"href":"https:\/\/mxfoto.hu\/index.php?rest_route=\/wp\/v2\/users\/1"}],"replies":[{"embeddable":true,"href":"https:\/\/mxfoto.hu\/index.php?rest_route=%2Fwp%2Fv2%2Fcomments&post=5031"}],"version-history":[{"count":1,"href":"https:\/\/mxfoto.hu\/index.php?rest_route=\/wp\/v2\/posts\/5031\/revisions"}],"predecessor-version":[{"id":5038,"href":"https:\/\/mxfoto.hu\/index.php?rest_route=\/wp\/v2\/posts\/5031\/revisions\/5038"}],"wp:featuredmedia":[{"embeddable":true,"href":"https:\/\/mxfoto.hu\/index.php?rest_route=\/wp\/v2\/media\/5036"}],"wp:attachment":[{"href":"https:\/\/mxfoto.hu\/index.php?rest_route=%2Fwp%2Fv2%2Fmedia&parent=5031"}],"wp:term":[{"taxonomy":"category","embeddable":true,"href":"https:\/\/mxfoto.hu\/index.php?rest_route=%2Fwp%2Fv2%2Fcategories&post=5031"},{"taxonomy":"post_tag","embeddable":true,"href":"https:\/\/mxfoto.hu\/index.php?rest_route=%2Fwp%2Fv2%2Ftags&post=5031"}],"curies":[{"name":"wp","href":"https:\/\/api.w.org\/{rel}","templated":true}]}}