{"id":5432,"date":"2014-08-25T14:53:15","date_gmt":"2014-08-25T12:53:15","guid":{"rendered":"http:\/\/mxfoto.hu\/?p=5432"},"modified":"2014-08-25T15:57:33","modified_gmt":"2014-08-25T13:57:33","slug":"pacov-wmxoen-video-osszefoglalo","status":"publish","type":"post","link":"https:\/\/mxfoto.hu\/?p=5432","title":{"rendered":"Pacov WMXoEN &#8211; Vide\u00f3 \u00f6sszefoglal\u00f3"},"content":{"rendered":"<p>Vide\u00f3 \u00f6sszefoglal\u00f3 a N\u0151i Motocross Nemzetek Eur\u00f3pa-bajnoks\u00e1g\u00e1r\u00f3l&#8230;<\/p>\n<p>forr\u00e1s: mxgp.com<\/p>\n<div id='gallery-1' class='gallery galleryid-5432 gallery-columns-3 gallery-size-thumbnail'><figure class='gallery-item'>\n\t\t\t<div class='gallery-icon landscape'>\n\t\t\t\t<a href='https:\/\/mxfoto.hu\/wp-content\/uploads\/2014\/08\/B_OpeningC_MXGP_MXoEN_CZ_2014.jpg'><img loading=\"lazy\" decoding=\"async\" width=\"150\" height=\"99\" src=\"https:\/\/mxfoto.hu\/wp-content\/uploads\/2014\/08\/B_OpeningC_MXGP_MXoEN_CZ_2014-150x99.jpg\" class=\"attachment-thumbnail size-thumbnail\" alt=\"\" srcset=\"https:\/\/mxfoto.hu\/wp-content\/uploads\/2014\/08\/B_OpeningC_MXGP_MXoEN_CZ_2014-150x99.jpg 150w, https:\/\/mxfoto.hu\/wp-content\/uploads\/2014\/08\/B_OpeningC_MXGP_MXoEN_CZ_2014-300x199.jpg 300w, https:\/\/mxfoto.hu\/wp-content\/uploads\/2014\/08\/B_OpeningC_MXGP_MXoEN_CZ_2014-700x466.jpg 700w, https:\/\/mxfoto.hu\/wp-content\/uploads\/2014\/08\/B_OpeningC_MXGP_MXoEN_CZ_2014.jpg 800w\" sizes=\"auto, (max-width: 150px) 100vw, 150px\" \/><\/a>\n\t\t\t<\/div><\/figure><figure class='gallery-item'>\n\t\t\t<div class='gallery-icon landscape'>\n\t\t\t\t<a href='https:\/\/mxfoto.hu\/wp-content\/uploads\/2014\/08\/BeforeStart1_MXGP_MXoEN_CZ_2014.jpg'><img loading=\"lazy\" decoding=\"async\" width=\"150\" height=\"99\" src=\"https:\/\/mxfoto.hu\/wp-content\/uploads\/2014\/08\/BeforeStart1_MXGP_MXoEN_CZ_2014-150x99.jpg\" class=\"attachment-thumbnail size-thumbnail\" alt=\"\" srcset=\"https:\/\/mxfoto.hu\/wp-content\/uploads\/2014\/08\/BeforeStart1_MXGP_MXoEN_CZ_2014-150x99.jpg 150w, https:\/\/mxfoto.hu\/wp-content\/uploads\/2014\/08\/BeforeStart1_MXGP_MXoEN_CZ_2014-300x199.jpg 300w, https:\/\/mxfoto.hu\/wp-content\/uploads\/2014\/08\/BeforeStart1_MXGP_MXoEN_CZ_2014-700x466.jpg 700w, https:\/\/mxfoto.hu\/wp-content\/uploads\/2014\/08\/BeforeStart1_MXGP_MXoEN_CZ_2014.jpg 800w\" sizes=\"auto, (max-width: 150px) 100vw, 150px\" \/><\/a>\n\t\t\t<\/div><\/figure><figure class='gallery-item'>\n\t\t\t<div class='gallery-icon landscape'>\n\t\t\t\t<a href='https:\/\/mxfoto.hu\/wp-content\/uploads\/2014\/08\/Bikes_MXGP_MXoEN_CZ_2014.jpg'><img loading=\"lazy\" decoding=\"async\" width=\"150\" height=\"99\" src=\"https:\/\/mxfoto.hu\/wp-content\/uploads\/2014\/08\/Bikes_MXGP_MXoEN_CZ_2014-150x99.jpg\" class=\"attachment-thumbnail size-thumbnail\" alt=\"\" srcset=\"https:\/\/mxfoto.hu\/wp-content\/uploads\/2014\/08\/Bikes_MXGP_MXoEN_CZ_2014-150x99.jpg 150w, https:\/\/mxfoto.hu\/wp-content\/uploads\/2014\/08\/Bikes_MXGP_MXoEN_CZ_2014-300x199.jpg 300w, https:\/\/mxfoto.hu\/wp-content\/uploads\/2014\/08\/Bikes_MXGP_MXoEN_CZ_2014-700x466.jpg 700w, https:\/\/mxfoto.hu\/wp-content\/uploads\/2014\/08\/Bikes_MXGP_MXoEN_CZ_2014.jpg 800w\" sizes=\"auto, (max-width: 150px) 100vw, 150px\" \/><\/a>\n\t\t\t<\/div><\/figure><figure class='gallery-item'>\n\t\t\t<div class='gallery-icon landscape'>\n\t\t\t\t<a href='https:\/\/mxfoto.hu\/wp-content\/uploads\/2014\/08\/D_ItalyWinners_MXGP_MXoEN_CZ_2014.jpg'><img loading=\"lazy\" decoding=\"async\" width=\"150\" height=\"99\" src=\"https:\/\/mxfoto.hu\/wp-content\/uploads\/2014\/08\/D_ItalyWinners_MXGP_MXoEN_CZ_2014-150x99.jpg\" class=\"attachment-thumbnail size-thumbnail\" alt=\"\" srcset=\"https:\/\/mxfoto.hu\/wp-content\/uploads\/2014\/08\/D_ItalyWinners_MXGP_MXoEN_CZ_2014-150x99.jpg 150w, https:\/\/mxfoto.hu\/wp-content\/uploads\/2014\/08\/D_ItalyWinners_MXGP_MXoEN_CZ_2014-300x199.jpg 300w, https:\/\/mxfoto.hu\/wp-content\/uploads\/2014\/08\/D_ItalyWinners_MXGP_MXoEN_CZ_2014-700x466.jpg 700w, https:\/\/mxfoto.hu\/wp-content\/uploads\/2014\/08\/D_ItalyWinners_MXGP_MXoEN_CZ_2014.jpg 800w\" sizes=\"auto, (max-width: 150px) 100vw, 150px\" \/><\/a>\n\t\t\t<\/div><\/figure><figure class='gallery-item'>\n\t\t\t<div class='gallery-icon landscape'>\n\t\t\t\t<a href='https:\/\/mxfoto.hu\/wp-content\/uploads\/2014\/08\/Fontanesi_MXGP_MXoEN_CZ_2014.jpg'><img loading=\"lazy\" decoding=\"async\" width=\"150\" height=\"99\" src=\"https:\/\/mxfoto.hu\/wp-content\/uploads\/2014\/08\/Fontanesi_MXGP_MXoEN_CZ_2014-150x99.jpg\" class=\"attachment-thumbnail size-thumbnail\" alt=\"\" srcset=\"https:\/\/mxfoto.hu\/wp-content\/uploads\/2014\/08\/Fontanesi_MXGP_MXoEN_CZ_2014-150x99.jpg 150w, https:\/\/mxfoto.hu\/wp-content\/uploads\/2014\/08\/Fontanesi_MXGP_MXoEN_CZ_2014-300x199.jpg 300w, https:\/\/mxfoto.hu\/wp-content\/uploads\/2014\/08\/Fontanesi_MXGP_MXoEN_CZ_2014-700x466.jpg 700w, https:\/\/mxfoto.hu\/wp-content\/uploads\/2014\/08\/Fontanesi_MXGP_MXoEN_CZ_2014.jpg 800w\" sizes=\"auto, (max-width: 150px) 100vw, 150px\" \/><\/a>\n\t\t\t<\/div><\/figure><figure class='gallery-item'>\n\t\t\t<div class='gallery-icon landscape'>\n\t\t\t\t<a href='https:\/\/mxfoto.hu\/wp-content\/uploads\/2014\/08\/Laier_MXGP_MXoEN_CZ_2014.jpg'><img loading=\"lazy\" decoding=\"async\" width=\"150\" height=\"99\" src=\"https:\/\/mxfoto.hu\/wp-content\/uploads\/2014\/08\/Laier_MXGP_MXoEN_CZ_2014-150x99.jpg\" class=\"attachment-thumbnail size-thumbnail\" alt=\"\" srcset=\"https:\/\/mxfoto.hu\/wp-content\/uploads\/2014\/08\/Laier_MXGP_MXoEN_CZ_2014-150x99.jpg 150w, https:\/\/mxfoto.hu\/wp-content\/uploads\/2014\/08\/Laier_MXGP_MXoEN_CZ_2014-300x199.jpg 300w, https:\/\/mxfoto.hu\/wp-content\/uploads\/2014\/08\/Laier_MXGP_MXoEN_CZ_2014-700x466.jpg 700w, https:\/\/mxfoto.hu\/wp-content\/uploads\/2014\/08\/Laier_MXGP_MXoEN_CZ_2014.jpg 800w\" sizes=\"auto, (max-width: 150px) 100vw, 150px\" \/><\/a>\n\t\t\t<\/div><\/figure><figure class='gallery-item'>\n\t\t\t<div class='gallery-icon landscape'>\n\t\t\t\t<a href='https:\/\/mxfoto.hu\/wp-content\/uploads\/2014\/08\/Podium_MXGP_MXoEN_CZ_2014_0.jpg'><img loading=\"lazy\" decoding=\"async\" width=\"150\" height=\"99\" src=\"https:\/\/mxfoto.hu\/wp-content\/uploads\/2014\/08\/Podium_MXGP_MXoEN_CZ_2014_0-150x99.jpg\" class=\"attachment-thumbnail size-thumbnail\" alt=\"\" srcset=\"https:\/\/mxfoto.hu\/wp-content\/uploads\/2014\/08\/Podium_MXGP_MXoEN_CZ_2014_0-150x99.jpg 150w, https:\/\/mxfoto.hu\/wp-content\/uploads\/2014\/08\/Podium_MXGP_MXoEN_CZ_2014_0-300x199.jpg 300w, https:\/\/mxfoto.hu\/wp-content\/uploads\/2014\/08\/Podium_MXGP_MXoEN_CZ_2014_0-700x466.jpg 700w, https:\/\/mxfoto.hu\/wp-content\/uploads\/2014\/08\/Podium_MXGP_MXoEN_CZ_2014_0.jpg 800w\" sizes=\"auto, (max-width: 150px) 100vw, 150px\" \/><\/a>\n\t\t\t<\/div><\/figure><figure class='gallery-item'>\n\t\t\t<div class='gallery-icon landscape'>\n\t\t\t\t<a href='https:\/\/mxfoto.hu\/wp-content\/uploads\/2014\/08\/WMXPressConference_MXGP_MXoEN_CZ_2014.jpg'><img loading=\"lazy\" decoding=\"async\" width=\"150\" height=\"99\" src=\"https:\/\/mxfoto.hu\/wp-content\/uploads\/2014\/08\/WMXPressConference_MXGP_MXoEN_CZ_2014-150x99.jpg\" class=\"attachment-thumbnail size-thumbnail\" alt=\"\" srcset=\"https:\/\/mxfoto.hu\/wp-content\/uploads\/2014\/08\/WMXPressConference_MXGP_MXoEN_CZ_2014-150x99.jpg 150w, https:\/\/mxfoto.hu\/wp-content\/uploads\/2014\/08\/WMXPressConference_MXGP_MXoEN_CZ_2014-300x199.jpg 300w, https:\/\/mxfoto.hu\/wp-content\/uploads\/2014\/08\/WMXPressConference_MXGP_MXoEN_CZ_2014-700x466.jpg 700w, https:\/\/mxfoto.hu\/wp-content\/uploads\/2014\/08\/WMXPressConference_MXGP_MXoEN_CZ_2014.jpg 800w\" sizes=\"auto, (max-width: 150px) 100vw, 150px\" \/><\/a>\n\t\t\t<\/div><\/figure>\n\t\t<\/div>\n\n","protected":false},"excerpt":{"rendered":"<p>Vide\u00f3 \u00f6sszefoglal\u00f3 a N\u0151i Motocross Nemzetek Eur\u00f3pa-bajnoks\u00e1g\u00e1r\u00f3l&#8230; forr\u00e1s: mxgp.com<\/p>\n","protected":false},"author":1,"featured_media":5440,"comment_status":"open","ping_status":"open","sticky":true,"template":"","format":"standard","meta":{"footnotes":""},"categories":[4],"tags":[7,11,85],"class_list":["post-5432","post","type-post","status-publish","format-standard","has-post-thumbnail","hentry","category-motorsport-motocross-moto-gp-superbike-supermoto-mxgp","tag-motocross","tag-wmx","tag-wmxoen"],"_links":{"self":[{"href":"https:\/\/mxfoto.hu\/index.php?rest_route=\/wp\/v2\/posts\/5432","targetHints":{"allow":["GET"]}}],"collection":[{"href":"https:\/\/mxfoto.hu\/index.php?rest_route=\/wp\/v2\/posts"}],"about":[{"href":"https:\/\/mxfoto.hu\/index.php?rest_route=\/wp\/v2\/types\/post"}],"author":[{"embeddable":true,"href":"https:\/\/mxfoto.hu\/index.php?rest_route=\/wp\/v2\/users\/1"}],"replies":[{"embeddable":true,"href":"https:\/\/mxfoto.hu\/index.php?rest_route=%2Fwp%2Fv2%2Fcomments&post=5432"}],"version-history":[{"count":3,"href":"https:\/\/mxfoto.hu\/index.php?rest_route=\/wp\/v2\/posts\/5432\/revisions"}],"predecessor-version":[{"id":5443,"href":"https:\/\/mxfoto.hu\/index.php?rest_route=\/wp\/v2\/posts\/5432\/revisions\/5443"}],"wp:featuredmedia":[{"embeddable":true,"href":"https:\/\/mxfoto.hu\/index.php?rest_route=\/wp\/v2\/media\/5440"}],"wp:attachment":[{"href":"https:\/\/mxfoto.hu\/index.php?rest_route=%2Fwp%2Fv2%2Fmedia&parent=5432"}],"wp:term":[{"taxonomy":"category","embeddable":true,"href":"https:\/\/mxfoto.hu\/index.php?rest_route=%2Fwp%2Fv2%2Fcategories&post=5432"},{"taxonomy":"post_tag","embeddable":true,"href":"https:\/\/mxfoto.hu\/index.php?rest_route=%2Fwp%2Fv2%2Ftags&post=5432"}],"curies":[{"name":"wp","href":"https:\/\/api.w.org\/{rel}","templated":true}]}}