{"id":9545,"date":"2015-11-04T23:01:48","date_gmt":"2015-11-04T22:01:48","guid":{"rendered":"http:\/\/mxfoto.hu\/?p=9545"},"modified":"2015-11-04T23:01:48","modified_gmt":"2015-11-04T22:01:48","slug":"hamarosan-supercross","status":"publish","type":"post","link":"https:\/\/mxfoto.hu\/?p=9545","title":{"rendered":"Hamarosan Supercross!!!"},"content":{"rendered":"<p>Eur\u00f3pa legnagyobb supercross rendezv\u00e9ny\u00e9t l\u00e1thatjuk November 14-15-\u00e9n Lille-ben a\u00a0Stade Pierre Mauroy-ban. A Supercross Bercy sorakoztatja fel Eur\u00f3p\u00e1ban a legnevesebb szupercross szt\u00e1rokat.<br \/>\nA rajtg\u00e9pn\u00e9l l\u00e1thatjuk Amerika legnagyobb szupercross testv\u00e9rp\u00e1rj\u00e1t, James \u00e9s Melcolm Stewart-ot.<br \/>\n\u00c9s hogy legyen egy kis izgalom err\u0151l nem kisebb nevek fognak gondoskodni Webb, Peick, Pourcel, Simpson, Guillod \u00e9s az az idei MXGP bajnoka Romain Fevbre.<\/p>\n<p>\u00c9rdemes lesz a k\u00e9perny\u0151k el\u0151tt k\u00f6vetni az esem\u00e9nyeket, melyben igyeksz\u00fcnk seg\u00edteni mi is&#8230;<\/p>\n<p>A rendezv\u00e9ny honlapja:\u00a0<a href=\"http:\/\/www.supercrossbercy.com\/\" target=\"_blank\">http:\/\/www.supercrossbercy.com\/<\/a><\/p>\n<p><a href=\"http:\/\/mxfoto.hu\/wp-content\/uploads\/2015\/11\/11700595_983019511722215_1645790361620135914_o.jpg\"><img loading=\"lazy\" decoding=\"async\" class=\"alignnone size-large wp-image-9547\" src=\"http:\/\/mxfoto.hu\/wp-content\/uploads\/2015\/11\/11700595_983019511722215_1645790361620135914_o-1024x730.jpg\" alt=\"11700595_983019511722215_1645790361620135914_o\" width=\"620\" height=\"442\" srcset=\"https:\/\/mxfoto.hu\/wp-content\/uploads\/2015\/11\/11700595_983019511722215_1645790361620135914_o-1024x730.jpg 1024w, https:\/\/mxfoto.hu\/wp-content\/uploads\/2015\/11\/11700595_983019511722215_1645790361620135914_o-150x107.jpg 150w, https:\/\/mxfoto.hu\/wp-content\/uploads\/2015\/11\/11700595_983019511722215_1645790361620135914_o-300x214.jpg 300w, https:\/\/mxfoto.hu\/wp-content\/uploads\/2015\/11\/11700595_983019511722215_1645790361620135914_o-700x499.jpg 700w, https:\/\/mxfoto.hu\/wp-content\/uploads\/2015\/11\/11700595_983019511722215_1645790361620135914_o.jpg 1819w\" sizes=\"auto, (max-width: 620px) 100vw, 620px\" \/><\/a><\/p>\n<p>&nbsp;<\/p>\n<p>&nbsp;<\/p>\n","protected":false},"excerpt":{"rendered":"<p>Eur\u00f3pa legnagyobb supercross rendezv\u00e9ny\u00e9t l\u00e1thatjuk November 14-15-\u00e9n Lille-ben a\u00a0Stade Pierre Mauroy-ban. A Supercross Bercy sorakoztatja fel Eur\u00f3p\u00e1ban a legnevesebb szupercross szt\u00e1rokat. A rajtg\u00e9pn\u00e9l l\u00e1thatjuk Amerika legnagyobb szupercross testv\u00e9rp\u00e1rj\u00e1t, James \u00e9s Melcolm Stewart-ot. \u00c9s hogy legyen egy kis izgalom err\u0151l nem kisebb nevek fognak gondoskodni Webb, Peick, Pourcel, Simpson, Guillod \u00e9s az az idei MXGP bajnoka [&hellip;]<\/p>\n","protected":false},"author":1,"featured_media":9546,"comment_status":"open","ping_status":"open","sticky":true,"template":"","format":"standard","meta":{"footnotes":""},"categories":[4],"tags":[73,143,7,51],"class_list":["post-9545","post","type-post","status-publish","format-standard","has-post-thumbnail","hentry","category-motorsport-motocross-moto-gp-superbike-supermoto-mxgp","tag-freestyle","tag-lille","tag-motocross","tag-supercross"],"_links":{"self":[{"href":"https:\/\/mxfoto.hu\/index.php?rest_route=\/wp\/v2\/posts\/9545","targetHints":{"allow":["GET"]}}],"collection":[{"href":"https:\/\/mxfoto.hu\/index.php?rest_route=\/wp\/v2\/posts"}],"about":[{"href":"https:\/\/mxfoto.hu\/index.php?rest_route=\/wp\/v2\/types\/post"}],"author":[{"embeddable":true,"href":"https:\/\/mxfoto.hu\/index.php?rest_route=\/wp\/v2\/users\/1"}],"replies":[{"embeddable":true,"href":"https:\/\/mxfoto.hu\/index.php?rest_route=%2Fwp%2Fv2%2Fcomments&post=9545"}],"version-history":[{"count":1,"href":"https:\/\/mxfoto.hu\/index.php?rest_route=\/wp\/v2\/posts\/9545\/revisions"}],"predecessor-version":[{"id":9548,"href":"https:\/\/mxfoto.hu\/index.php?rest_route=\/wp\/v2\/posts\/9545\/revisions\/9548"}],"wp:featuredmedia":[{"embeddable":true,"href":"https:\/\/mxfoto.hu\/index.php?rest_route=\/wp\/v2\/media\/9546"}],"wp:attachment":[{"href":"https:\/\/mxfoto.hu\/index.php?rest_route=%2Fwp%2Fv2%2Fmedia&parent=9545"}],"wp:term":[{"taxonomy":"category","embeddable":true,"href":"https:\/\/mxfoto.hu\/index.php?rest_route=%2Fwp%2Fv2%2Fcategories&post=9545"},{"taxonomy":"post_tag","embeddable":true,"href":"https:\/\/mxfoto.hu\/index.php?rest_route=%2Fwp%2Fv2%2Ftags&post=9545"}],"curies":[{"name":"wp","href":"https:\/\/api.w.org\/{rel}","templated":true}]}}