{"id":9796,"date":"2015-12-07T14:09:00","date_gmt":"2015-12-07T13:09:00","guid":{"rendered":"http:\/\/mxfoto.hu\/?p=9796"},"modified":"2015-12-07T14:15:09","modified_gmt":"2015-12-07T13:15:09","slug":"mxgp-2016-beharangozo","status":"publish","type":"post","link":"https:\/\/mxfoto.hu\/?p=9796","title":{"rendered":"MXGP 2016 Beharangoz\u00f3"},"content":{"rendered":"<p>Lassan kezd\u0151dik a 2016-os szezon \u00e9s a Youthstream csapata m\u00e1r el is k\u00e9sz\u00edtette a k\u00f6vetkez\u0151 szezon MXGP beharangoz\u00f3 vide\u00f3j\u00e1t.<\/p>\n<p><a href=\"http:\/\/mxfoto.hu\/wp-content\/uploads\/2015\/10\/20150926_110625-21.jpg\"><img loading=\"lazy\" decoding=\"async\" class=\"alignnone size-large wp-image-9528\" src=\"http:\/\/mxfoto.hu\/wp-content\/uploads\/2015\/10\/20150926_110625-21-1024x682.jpg\" alt=\"20150926_110625-2\" width=\"665\" height=\"443\" srcset=\"https:\/\/mxfoto.hu\/wp-content\/uploads\/2015\/10\/20150926_110625-21-1024x682.jpg 1024w, https:\/\/mxfoto.hu\/wp-content\/uploads\/2015\/10\/20150926_110625-21-150x100.jpg 150w, https:\/\/mxfoto.hu\/wp-content\/uploads\/2015\/10\/20150926_110625-21-300x200.jpg 300w, https:\/\/mxfoto.hu\/wp-content\/uploads\/2015\/10\/20150926_110625-21-700x466.jpg 700w, https:\/\/mxfoto.hu\/wp-content\/uploads\/2015\/10\/20150926_110625-21.jpg 1600w\" sizes=\"auto, (max-width: 665px) 100vw, 665px\" \/><\/a><\/p>\n","protected":false},"excerpt":{"rendered":"<p>Lassan kezd\u0151dik a 2016-os szezon \u00e9s a Youthstream csapata m\u00e1r el is k\u00e9sz\u00edtette a k\u00f6vetkez\u0151 szezon MXGP beharangoz\u00f3 vide\u00f3j\u00e1t.<\/p>\n","protected":false},"author":1,"featured_media":9528,"comment_status":"open","ping_status":"open","sticky":true,"template":"","format":"standard","meta":{"footnotes":""},"categories":[4],"tags":[7,36,30,15],"class_list":["post-9796","post","type-post","status-publish","format-standard","has-post-thumbnail","hentry","category-motorsport-motocross-moto-gp-superbike-supermoto-mxgp","tag-motocross","tag-mx1","tag-mx2","tag-mxgp"],"_links":{"self":[{"href":"https:\/\/mxfoto.hu\/index.php?rest_route=\/wp\/v2\/posts\/9796","targetHints":{"allow":["GET"]}}],"collection":[{"href":"https:\/\/mxfoto.hu\/index.php?rest_route=\/wp\/v2\/posts"}],"about":[{"href":"https:\/\/mxfoto.hu\/index.php?rest_route=\/wp\/v2\/types\/post"}],"author":[{"embeddable":true,"href":"https:\/\/mxfoto.hu\/index.php?rest_route=\/wp\/v2\/users\/1"}],"replies":[{"embeddable":true,"href":"https:\/\/mxfoto.hu\/index.php?rest_route=%2Fwp%2Fv2%2Fcomments&post=9796"}],"version-history":[{"count":2,"href":"https:\/\/mxfoto.hu\/index.php?rest_route=\/wp\/v2\/posts\/9796\/revisions"}],"predecessor-version":[{"id":9798,"href":"https:\/\/mxfoto.hu\/index.php?rest_route=\/wp\/v2\/posts\/9796\/revisions\/9798"}],"wp:featuredmedia":[{"embeddable":true,"href":"https:\/\/mxfoto.hu\/index.php?rest_route=\/wp\/v2\/media\/9528"}],"wp:attachment":[{"href":"https:\/\/mxfoto.hu\/index.php?rest_route=%2Fwp%2Fv2%2Fmedia&parent=9796"}],"wp:term":[{"taxonomy":"category","embeddable":true,"href":"https:\/\/mxfoto.hu\/index.php?rest_route=%2Fwp%2Fv2%2Fcategories&post=9796"},{"taxonomy":"post_tag","embeddable":true,"href":"https:\/\/mxfoto.hu\/index.php?rest_route=%2Fwp%2Fv2%2Ftags&post=9796"}],"curies":[{"name":"wp","href":"https:\/\/api.w.org\/{rel}","templated":true}]}}